{"id":14653,"date":"2023-10-08T09:22:30","date_gmt":"2023-10-08T07:22:30","guid":{"rendered":"https:\/\/www.rentila.com\/blog\/?p=14653"},"modified":"2023-11-19T23:34:01","modified_gmt":"2023-11-19T21:34:01","slug":"comment-calculer-la-valeur-locative-dun-bien-et-a-quoi-sert-elle","status":"publish","type":"post","link":"https:\/\/www.rentila.com\/blog\/2023\/10\/comment-calculer-la-valeur-locative-dun-bien-et-a-quoi-sert-elle\/","title":{"rendered":"Comment calculer la valeur locative d&rsquo;un bien et \u00e0 quoi sert-elle ?"},"content":{"rendered":"<div><img decoding=\"async\" class=\"alignleft size-full wp-image-516\" title=\"newspaper\" src=\"https:\/\/www.rentila.com\/assets\/img\/blog\/blog_advice_1.png\" alt=\"Comment calculer la valeur locative d\u2019un bien et \u00e0 quoi sert-elle\u2009?\" width=\"100%\" height=\"\" \/><\/div>\n<div class=\"sommaire\">\n<div class=\"phase-content__flag phase-1\">Sommaire<\/div>\n<ol>\n<li><a href=\"https:\/\/www.rentila.com\/blog\/2023\/10\/comment-calculer-la-valeur-locative-dun-bien-et-a-quoi-sert-elle\/#1\">Qu\u2019est-ce que la valeur locative\u2009?<\/a><\/li>\n<li><a href=\"https:\/\/www.rentila.com\/blog\/2023\/10\/comment-calculer-la-valeur-locative-dun-bien-et-a-quoi-sert-elle\/#2\">Calcul de la valeur locative<\/a><\/li>\n<li><a href=\"https:\/\/www.rentila.com\/blog\/2023\/10\/comment-calculer-la-valeur-locative-dun-bien-et-a-quoi-sert-elle\/#3\">Facteurs qui modifient l\u2019estimation de la VLC brute<\/a><\/li>\n<li><a href=\"https:\/\/www.rentila.com\/blog\/2023\/10\/comment-calculer-la-valeur-locative-dun-bien-et-a-quoi-sert-elle\/#4\">FAQ &#8211; Questions fr\u00e9quentes<\/a><\/li>\n<li><a href=\"https:\/\/www.rentila.com\/blog\/2023\/10\/comment-calculer-la-valeur-locative-dun-bien-et-a-quoi-sert-elle\/#5\">Les points \u00e0 retenir<\/a><\/li>\n<\/ol>\n<\/div>\n<p class=\"lead\">Quand il s\u2019agit d\u2019investir dans l\u2019immobilier locatif, il existe une notion \u00e0 prendre en compte, \u00e0 savoir la valeur locative cadastrale du bien.<br \/>\nNous vous expliquons \u00e0 quoi cela correspond et comment la calculer au plus juste.<\/p>\n<p><!--more--><\/p>\n<h2 id=\"1\">Qu\u2019est-ce que la valeur locative\u2009?<\/h2>\n<p>La valeur locative d\u2019un bien, aussi appel\u00e9e valeur locative cadastrale (VLC), correspond au montant du loyer th\u00e9orique en cas de location.<\/p>\n<blockquote><p>La valeur locative d\u2019un bien repr\u00e9sente le montant que l\u2019on peut retirer de la location d\u2019un bien immobilier. En r\u00e8gle g\u00e9n\u00e9rale, elle est bas\u00e9e sur le loyer per\u00e7u par le propri\u00e9taire du bien. La valeur locative peut \u00eatre modifi\u00e9e tous les ans, selon les travaux ou les am\u00e9liorations effectu\u00e9s dans le logement.<\/p><\/blockquote>\n<p>Cette valeur sert de base de calcul pour la taxe fonci\u00e8re et pour la taxe d\u2019habitation, que ce soit sur une propri\u00e9t\u00e9 b\u00e2tie ou non b\u00e2tie.<\/p>\n<p>La valeur locative s\u2019appuie concr\u00e8tement sur des valeurs des ann\u00e9es 1970 et notamment sur celles du march\u00e9 locatif au 1er janvier 1970.<\/p>\n<p>Il faut appliquer le tarif \u00e0 la surface pond\u00e9r\u00e9e pour calculer la valeur locative cadastrale d\u2019un bien.<\/p>\n<div class=\"alert alert-info\">\n<h3 class=\"lead\">Bon \u00e0 savoir<\/h3>\n<p>Pour conna\u00eetre la valeur locative cadastrale de votre logement, il suffit de consulter la fiche d&rsquo;\u00e9valuation de la valeur locative aupr\u00e8s du centre des imp\u00f4ts fonciers.<\/p>\n<p>Pour la taxe fonci\u00e8re, la valeur locative se trouve dans l&rsquo;avis d&rsquo;imposition \u00e0 la rubrique \u00ab\u00a0Base\u00a0\u00bb.<\/p>\n<p>On estime que le loyer moyen, toute surface et r\u00e9gions confondues, est de 13,60 euros le m2, soit 15,30 euros le m2 pour une maison et 11,90 euros le m2 pour un appartement.<\/p>\n<\/div>\n<p>Que vous soyez propri\u00e9taire de votre r\u00e9sidence principale, d\u2019une r\u00e9sidence secondaire ou encore d\u2019un logement en investissement locatif, la valeur locative est une notion \u00e0 conna\u00eetre.<\/p>\n<p>Les services des imp\u00f4ts utilisent le calcul de la VLC pour tous les types de logements : maisons, appartements, qu\u2019ils soient collectifs ou individuels, que vous l\u2019occupiez ou pas, et que le logement soit mis \u00e0 la location vide ou meubl\u00e9.<\/p>\n<div class=\"alert\">\n<h3 class=\"lead\">Important !<\/h3>\n<p>La loi de finances a confirm\u00e9 que le calcul des valeurs locatives cadastrales des logements sera r\u00e9vis\u00e9 en 2026.<\/p>\n<p>Cette mise \u00e0 jour n\u00e9cessaire permettra au service des imp\u00f4ts \u00e0 mieux cerner le niveau de confort des biens.<\/p>\n<p>Il est possible que cela se traduise, \u00e0 moyen terme, par une baisse ou une hausse de la taxe fonci\u00e8re selon la valeur locative r\u00e9elle et le niveau de confort du logement.<\/p>\n<\/div>\n<h2 id=\"2\">Calcul de la valeur locative<\/h2>\n<p>Le calcul de la valeur locative s\u2019effectue en prenant plusieurs crit\u00e8res en compte, dont la cat\u00e9gorie du logement, mais aussi sa superficie au sol et le niveau de confort.<\/p>\n<p>Ensuite, la valeur locative est soumise \u00e0 un abattement \u00e9ventuel selon que le logement est b\u00e2ti ou non b\u00e2ti.<\/p>\n<p>La formule compl\u00e8te pour r\u00e9aliser le calcul de la valeur locative cadastrale est la suivante :<\/p>\n<blockquote><p>Valeur locative = surface pond\u00e9r\u00e9e x tarif au m\u00b2 du local de r\u00e9f\u00e9rence (qui correspond au tarif de la cat\u00e9gorie du classement du logement).<\/p><\/blockquote>\n<p>Voici les principaux \u00e9l\u00e9ments pris en consid\u00e9ration dans le calcul de la VLC.<\/p>\n<h3>La superficie du logement au sol<\/h3>\n<p>Que vous habitiez dans un 9m\u00b2, sous les combles ou dans un loft avec 4,8 m de hauteur sous plafond, seule la surface au sol est prise en compte dans le calcul de la VLC.<\/p>\n<p>Inutile donc d\u2019imaginer pour \u00ab\u2009tricher\u2009\u00bb en vous reposant sur la loi Carrez.<\/p>\n<p>Toutes les pi\u00e8ces sont prises en compte m\u00eame celles qui n\u2019en semblent pas \u00e0 l\u2019image du couloir ou d\u2019un petit dressing.<\/p>\n<p>Et c\u2019est \u00e9galement la m\u00eame chose pour la cave, le grenier, le garage ou encore votre balcon.<\/p>\n<p>Cependant, toutes les pi\u00e8ces ne sont pas comptabilis\u00e9es de la m\u00eame fa\u00e7on. L\u2019administration fiscale fixe un coefficient de pond\u00e9ration selon la nature de la pi\u00e8ce, allant de 0,2 \u00e0 0,6.<\/p>\n<p>D\u2019autres crit\u00e8res pond\u00e9r\u00e9s avec un coefficient allant de 0,2 \u00e0 0,6 affinent le calcul :<\/p>\n<ul>\n<li><strong>Pr\u00e9sence ou absence d\u2019ascenseur dans un immeuble de copropri\u00e9t\u00e9 :<\/strong> coefficient entre -0,15 et +0,15 ;<\/li>\n<li><strong>Situation g\u00e9ographique :<\/strong> coefficient entre -0,10 et +0,10 ;<\/li>\n<li><strong>Entretien de l\u2019immeuble :<\/strong> coefficient entre 0,80 et 1,20.<\/li>\n<\/ul>\n<h3>La cat\u00e9gorie de la location<\/h3>\n<p>Chaque logement se r\u00e9partit en 8 cat\u00e9gories allant du logement d\u00e9labr\u00e9 jusqu\u2019au logement haut standing ou luxueux.<\/p>\n<p>Cette cat\u00e9gorisation intervient par comparaison avec d\u2019autres immeubles d\u2019habitation d\u2019un point de vue local et national.<\/p>\n<p>Et chaque cat\u00e9gorie de bien correspond \u00e0 un tarif au m\u00b2, lequel est multipli\u00e9 par la superficie du logement.<\/p>\n<p>Gr\u00e2ce \u00e0 ce syst\u00e8me de calcul, toutes les sp\u00e9cificit\u00e9s de votre logement sont prises en compte comme l\u2019\u00e9tat d\u2019entretien de la construction, la surface jusqu\u2019au moindre m\u00b2, l\u2019anciennet\u00e9 du logement ou de l\u2019immeuble, etc.<\/p>\n<h3>L\u2019\u00e9valuation du confort<\/h3>\n<p>\u00c9voquer la question du confort, c\u2019est parler avant des \u00e9quipements et de la praticit\u00e9 au quotidien du logement.<\/p>\n<p>Ces \u00e9l\u00e9ments de confort, qui s\u2019expriment en m\u00b2, s\u2019ajoutent \u00e0 l\u2019assiette de calcul de la valeur locative de votre bien.<\/p>\n<p>Ainsi, la superficie pond\u00e9r\u00e9e retenue est toujours sup\u00e9rieure \u00e0 la surface r\u00e9ellement habitable, car les \u00e9l\u00e9ments pris en compte sont les suivants :<\/p>\n<ul>\n<li>Le gaz : + 2 m\u00b2\u2009;<\/li>\n<li>L\u2019eau courante : + 4 m\u00b2\u2009;<\/li>\n<li>L\u2019\u00e9lectricit\u00e9 : + 2 m\u00b2\u2009;<\/li>\n<li>La baignoire : +5 m\u00b2\u2009;<\/li>\n<li>La douche : + 4 m\u00b2\u2009;<\/li>\n<li>Les lavabos ou vasques : + 3 m\u00b2\u2009;<\/li>\n<li>Le chauffage\/pi\u00e8ce : + 2 m\u00b2\u2009;<\/li>\n<li>Les toilettes\/w.c. : + 3 m\u00b2.<\/li>\n<\/ul>\n<div class=\"alert m-b-20 m-t-20\">\n<h3 class=\"lead\">\u00c0 noter<\/h3>\n<p>Tous ces \u00e9l\u00e9ments de confort sont retenus quand ils sont ajout\u00e9s dans une d\u00e9pendance.<br \/>\nPar exemple, si vous posez un lavabo et des toilettes dans votre cave, ce sont donc 6 m\u00b2 qui sont appliqu\u00e9s.<\/p>\n<\/div>\n<h2 id=\"3\">Facteurs qui modifient l\u2019estimation de la VLC brute<\/h2>\n<p>Il faut bien comprendre que la valeur locative cadastrale de votre bien n\u2019est pas fix\u00e9e pour toujours. Elle \u00e9volue au fil du temps selon les changements qui interviennent sur votre bien.<\/p>\n<p>On les regroupe en 5 cat\u00e9gories :<\/p>\n<ol class=\"ol_styled\">\n<li>Les constructions nouvelles\/les reconstructions : si vous construisez un logement sur une parcelle non b\u00e2tie, si vous reconstruisez un b\u00e2timent \u00e9croul\u00e9, alors la valeur locative change.<\/li>\n<li>Les modifications de consistance : si vous ajoutez une d\u00e9pendance ou une aile \u00e0 votre maison, ou, au contraire, si vous d\u00e9molissez un appentis, vous modifiez la superficie et donc la VLC \u00e9volue.<\/li>\n<li>Les changements d\u2019affectation : ceci arrive quand on transforme un local commercial en local d\u2019habitation par exemple.<\/li>\n<li>Les modifications de caract\u00e9ristiques physiques : des travaux d\u2019am\u00e9lioration d\u2019envergure, mais qui ne modifient pas la superficie au sol (am\u00e9nagement de combles par exemple) jouent dans le changement de l\u2019\u00e9valuation de la VLC.<\/li>\n<li>Le changement d\u2019environnement : il s\u2019agit ici d\u2019un ph\u00e9nom\u00e8ne ext\u00e9rieur qui entraine des cons\u00e9quences (n\u00e9gatives ou positives) pour le propri\u00e9taire (exemple : implantation d\u2019une antenne-relais \u00e0 quelques m\u00e8tres de votre jardin).<\/li>\n<\/ol>\n<p>En th\u00e9orie, le service du fisc vous avise de tous ces changements. Et c\u2019est une obligation l\u00e9gale qui leur incombe (dans les 90 jours suivant la r\u00e9alisation des changements).<\/p>\n<p>Vous devez alors remplir <a href=\"https:\/\/www.impots.gouv.fr\/sites\/default\/files\/formulaires\/6660-sd\/2016\/6660-sd_23.pdf\" target=\"_blank\" rel=\"noopener\">un formulaire H1\/ H2 \/ CBD\/U\/ME<\/a> selon la nature du changement et la nature de votre bien.<\/p>\n<p>On le comprend maintenant, le calcul de la valeur locative sert au calcul le plus juste du montant de l\u2019imp\u00f4t local dont vous \u00eates redevable.<\/p>\n<h2 id=\"4\">FAQ &#8211; Questions fr\u00e9quentes<\/h2>\n<h3>Quels sont les impacts de la valeur locative d&rsquo;un bien immobilier sur les imp\u00f4ts locaux ?<\/h3>\n<p>La valeur locative influence directement les imp\u00f4ts locaux tels que la taxe fonci\u00e8re. Une valeur locative \u00e9lev\u00e9e entra\u00eene g\u00e9n\u00e9ralement des imp\u00f4ts plus \u00e9lev\u00e9s, tandis qu&rsquo;une valeur locative plus basse peut r\u00e9duire la charge fiscale.<\/p>\n<h3>\u00c0 quelle fr\u00e9quence la valeur locative d&rsquo;un bien est-elle r\u00e9\u00e9valu\u00e9e ?<\/h3>\n<p>La r\u00e9\u00e9valuation varie selon les r\u00e9glementations locales, mais elle peut se faire tous les 3 \u00e0 6 ans en g\u00e9n\u00e9ral.<\/p>\n<h3>Comment contester une \u00e9valuation de valeur locative ?<\/h3>\n<p>Avant toute demande de r\u00e9examen de la situation de votre local d&rsquo;habitation, il convient d&rsquo;obtenir de la part du Centre des Imp\u00f4ts Fonciers (CIF) dont d\u00e9pend votre bien la fiche d&rsquo;\u00e9valuation de votre habitation.<\/p>\n<p>Sur ce document figurent les \u00e9l\u00e9ments indispensables \u00e0 toute contestation: cat\u00e9gorie affect\u00e9e \u00e0 votre bien, local de r\u00e9f\u00e9rence, surface pond\u00e9r\u00e9e retenue et tarif au m2 appliqu\u00e9.<\/p>\n<h2 id=\"5\">Comment calculer la valeur locative d\u2019un bien et \u00e0 quoi sert-elle\u2009 : les points importants \u00e0 retenir<\/h2>\n<ul>\n<li><strong>D\u00e9finition de la valeur locative<\/strong> : La valeur locative est le loyer potentiel d&rsquo;un bien immobilier sur le march\u00e9. Elle sert de base pour calculer les imp\u00f4ts locaux.<\/li>\n<li><strong>Revalorisation de la VLC en 2026<\/strong> : La revalorisation en 2026 ajuste la valeur locative pour refl\u00e9ter les changements du march\u00e9, impactant les imp\u00f4ts fonciers.<\/li>\n<li><strong>\u00c9l\u00e9ments du calcul de la valeur locative cadastrale<\/strong> : La VLC prend en compte la taille, la localisation, la cat\u00e9gorie, l&rsquo;\u00e9tat, et les \u00e9quipements du bien.<\/li>\n<li><strong>Facteurs modifiant l\u2019estimation de la VLC<\/strong> : Les r\u00e9novations, les lois fiscales, les fluctuations du march\u00e9, et les caract\u00e9ristiques sp\u00e9cifiques influencent la VLC et les imp\u00f4ts locaux.<\/li>\n<\/ul>\n","protected":false},"excerpt":{"rendered":"<p>Sommaire Qu\u2019est-ce que la valeur locative\u2009? Calcul de la valeur locative Facteurs qui modifient l\u2019estimation de la VLC brute FAQ &#8211; Questions fr\u00e9quentes Les points \u00e0 retenir Quand il s\u2019agit d\u2019investir dans l\u2019immobilier locatif, il existe une notion \u00e0 prendre en compte, \u00e0 savoir la valeur locative cadastrale du bien. Nous vous expliquons \u00e0 quoi [&hellip;]<\/p>\n","protected":false},"author":1,"featured_media":0,"comment_status":"closed","ping_status":"closed","sticky":false,"template":"","format":"standard","meta":{"footnotes":""},"categories":[195],"tags":[69,249],"class_list":["post-14653","post","type-post","status-publish","format-standard","hentry","category-fiscalite","tag-investissement-locatif","tag-valeur-locative-cadastrale"],"yoast_head":"<!-- This site is optimized with the Yoast SEO plugin v27.4 - https:\/\/yoast.com\/product\/yoast-seo-wordpress\/ -->\n<title>Calculer la valeur locative : Comment est fait le calcul ?<\/title>\n<meta name=\"description\" content=\"Comment calculer la valeur locative d&#039;un bien et \u00e0 quoi sert-elle ? - Rentila le blog immobilier et gestion locative\" \/>\n<meta name=\"robots\" content=\"index, follow, max-snippet:-1, max-image-preview:large, max-video-preview:-1\" \/>\n<link rel=\"canonical\" href=\"https:\/\/www.rentila.com\/blog\/2023\/10\/comment-calculer-la-valeur-locative-dun-bien-et-a-quoi-sert-elle\/\" \/>\n<meta property=\"og:locale\" content=\"fr_FR\" \/>\n<meta property=\"og:type\" content=\"article\" \/>\n<meta property=\"og:title\" content=\"Calculer la valeur locative : Comment est fait le calcul ?\" \/>\n<meta property=\"og:description\" content=\"Comment calculer la valeur locative d&#039;un bien et \u00e0 quoi sert-elle ? - Rentila le blog immobilier et gestion locative\" \/>\n<meta property=\"og:url\" content=\"https:\/\/www.rentila.com\/blog\/2023\/10\/comment-calculer-la-valeur-locative-dun-bien-et-a-quoi-sert-elle\/\" \/>\n<meta property=\"og:site_name\" content=\"Rentila le blog immobilier et gestion locative\" \/>\n<meta property=\"article:published_time\" content=\"2023-10-08T07:22:30+00:00\" \/>\n<meta property=\"article:modified_time\" content=\"2023-11-19T21:34:01+00:00\" \/>\n<meta property=\"og:image\" content=\"https:\/\/www.rentila.com\/assets\/img\/blog\/stats_1400.png\" \/>\n<meta name=\"author\" content=\"Rentila\" \/>\n<meta name=\"twitter:card\" content=\"summary_large_image\" \/>\n<meta name=\"twitter:label1\" content=\"\u00c9crit par\" \/>\n\t<meta name=\"twitter:data1\" content=\"Rentila\" \/>\n\t<meta name=\"twitter:label2\" content=\"Dur\u00e9e de lecture estim\u00e9e\" \/>\n\t<meta name=\"twitter:data2\" content=\"8 minutes\" \/>\n<script type=\"application\/ld+json\" class=\"yoast-schema-graph\">{\"@context\":\"https:\\\/\\\/schema.org\",\"@graph\":[{\"@type\":\"Article\",\"@id\":\"https:\\\/\\\/www.rentila.com\\\/blog\\\/2023\\\/10\\\/comment-calculer-la-valeur-locative-dun-bien-et-a-quoi-sert-elle\\\/#article\",\"isPartOf\":{\"@id\":\"https:\\\/\\\/www.rentila.com\\\/blog\\\/2023\\\/10\\\/comment-calculer-la-valeur-locative-dun-bien-et-a-quoi-sert-elle\\\/\"},\"author\":{\"name\":\"Rentila\",\"@id\":\"https:\\\/\\\/www.rentila.com\\\/blog\\\/#\\\/schema\\\/person\\\/77609e80c041021ec588518135d63c59\"},\"headline\":\"Comment calculer la valeur locative d&rsquo;un bien et \u00e0 quoi sert-elle ?\",\"datePublished\":\"2023-10-08T07:22:30+00:00\",\"dateModified\":\"2023-11-19T21:34:01+00:00\",\"mainEntityOfPage\":{\"@id\":\"https:\\\/\\\/www.rentila.com\\\/blog\\\/2023\\\/10\\\/comment-calculer-la-valeur-locative-dun-bien-et-a-quoi-sert-elle\\\/\"},\"wordCount\":1595,\"publisher\":{\"@id\":\"https:\\\/\\\/www.rentila.com\\\/blog\\\/#organization\"},\"image\":{\"@id\":\"https:\\\/\\\/www.rentila.com\\\/blog\\\/2023\\\/10\\\/comment-calculer-la-valeur-locative-dun-bien-et-a-quoi-sert-elle\\\/#primaryimage\"},\"thumbnailUrl\":\"https:\\\/\\\/www.rentila.com\\\/assets\\\/img\\\/blog\\\/blog_advice_1.png\",\"keywords\":[\"Investissement locatif\",\"valeur locative cadastrale\"],\"articleSection\":[\"Fiscalit\u00e9\"],\"inLanguage\":\"fr-FR\"},{\"@type\":\"WebPage\",\"@id\":\"https:\\\/\\\/www.rentila.com\\\/blog\\\/2023\\\/10\\\/comment-calculer-la-valeur-locative-dun-bien-et-a-quoi-sert-elle\\\/\",\"url\":\"https:\\\/\\\/www.rentila.com\\\/blog\\\/2023\\\/10\\\/comment-calculer-la-valeur-locative-dun-bien-et-a-quoi-sert-elle\\\/\",\"name\":\"Calculer la valeur locative : Comment est fait le calcul ?\",\"isPartOf\":{\"@id\":\"https:\\\/\\\/www.rentila.com\\\/blog\\\/#website\"},\"primaryImageOfPage\":{\"@id\":\"https:\\\/\\\/www.rentila.com\\\/blog\\\/2023\\\/10\\\/comment-calculer-la-valeur-locative-dun-bien-et-a-quoi-sert-elle\\\/#primaryimage\"},\"image\":{\"@id\":\"https:\\\/\\\/www.rentila.com\\\/blog\\\/2023\\\/10\\\/comment-calculer-la-valeur-locative-dun-bien-et-a-quoi-sert-elle\\\/#primaryimage\"},\"thumbnailUrl\":\"https:\\\/\\\/www.rentila.com\\\/assets\\\/img\\\/blog\\\/blog_advice_1.png\",\"datePublished\":\"2023-10-08T07:22:30+00:00\",\"dateModified\":\"2023-11-19T21:34:01+00:00\",\"description\":\"Comment calculer la valeur locative d'un bien et \u00e0 quoi sert-elle ? - Rentila le blog immobilier et gestion locative\",\"breadcrumb\":{\"@id\":\"https:\\\/\\\/www.rentila.com\\\/blog\\\/2023\\\/10\\\/comment-calculer-la-valeur-locative-dun-bien-et-a-quoi-sert-elle\\\/#breadcrumb\"},\"inLanguage\":\"fr-FR\",\"potentialAction\":[{\"@type\":\"ReadAction\",\"target\":[\"https:\\\/\\\/www.rentila.com\\\/blog\\\/2023\\\/10\\\/comment-calculer-la-valeur-locative-dun-bien-et-a-quoi-sert-elle\\\/\"]}]},{\"@type\":\"ImageObject\",\"inLanguage\":\"fr-FR\",\"@id\":\"https:\\\/\\\/www.rentila.com\\\/blog\\\/2023\\\/10\\\/comment-calculer-la-valeur-locative-dun-bien-et-a-quoi-sert-elle\\\/#primaryimage\",\"url\":\"https:\\\/\\\/www.rentila.com\\\/assets\\\/img\\\/blog\\\/blog_advice_1.png\",\"contentUrl\":\"https:\\\/\\\/www.rentila.com\\\/assets\\\/img\\\/blog\\\/blog_advice_1.png\"},{\"@type\":\"BreadcrumbList\",\"@id\":\"https:\\\/\\\/www.rentila.com\\\/blog\\\/2023\\\/10\\\/comment-calculer-la-valeur-locative-dun-bien-et-a-quoi-sert-elle\\\/#breadcrumb\",\"itemListElement\":[{\"@type\":\"ListItem\",\"position\":1,\"name\":\"Accueil\",\"item\":\"https:\\\/\\\/www.rentila.com\\\/blog\\\/\"},{\"@type\":\"ListItem\",\"position\":2,\"name\":\"Comment calculer la valeur locative d&rsquo;un bien et \u00e0 quoi sert-elle ?\"}]},{\"@type\":\"WebSite\",\"@id\":\"https:\\\/\\\/www.rentila.com\\\/blog\\\/#website\",\"url\":\"https:\\\/\\\/www.rentila.com\\\/blog\\\/\",\"name\":\"Rentila le blog immobilier et gestion locative\",\"description\":\"Conseils pratiques, actualit\u00e9 immobili\u00e8re\",\"publisher\":{\"@id\":\"https:\\\/\\\/www.rentila.com\\\/blog\\\/#organization\"},\"potentialAction\":[{\"@type\":\"SearchAction\",\"target\":{\"@type\":\"EntryPoint\",\"urlTemplate\":\"https:\\\/\\\/www.rentila.com\\\/blog\\\/?s={search_term_string}\"},\"query-input\":{\"@type\":\"PropertyValueSpecification\",\"valueRequired\":true,\"valueName\":\"search_term_string\"}}],\"inLanguage\":\"fr-FR\"},{\"@type\":\"Organization\",\"@id\":\"https:\\\/\\\/www.rentila.com\\\/blog\\\/#organization\",\"name\":\"Rentila le blog immobilier et gestion locative\",\"url\":\"https:\\\/\\\/www.rentila.com\\\/blog\\\/\",\"logo\":{\"@type\":\"ImageObject\",\"inLanguage\":\"fr-FR\",\"@id\":\"https:\\\/\\\/www.rentila.com\\\/blog\\\/#\\\/schema\\\/logo\\\/image\\\/\",\"url\":\"https:\\\/\\\/www.rentila.com\\\/blog\\\/wp-content\\\/uploads\\\/2015\\\/08\\\/logo_house_256px.png\",\"contentUrl\":\"https:\\\/\\\/www.rentila.com\\\/blog\\\/wp-content\\\/uploads\\\/2015\\\/08\\\/logo_house_256px.png\",\"width\":256,\"height\":256,\"caption\":\"Rentila le blog immobilier et gestion locative\"},\"image\":{\"@id\":\"https:\\\/\\\/www.rentila.com\\\/blog\\\/#\\\/schema\\\/logo\\\/image\\\/\"}},{\"@type\":\"Person\",\"@id\":\"https:\\\/\\\/www.rentila.com\\\/blog\\\/#\\\/schema\\\/person\\\/77609e80c041021ec588518135d63c59\",\"name\":\"Rentila\",\"url\":\"https:\\\/\\\/www.rentila.com\\\/blog\\\/author\\\/admin\\\/\"}]}<\/script>\n<!-- \/ Yoast SEO plugin. -->","yoast_head_json":{"title":"Calculer la valeur locative : Comment est fait le calcul ?","description":"Comment calculer la valeur locative d'un bien et \u00e0 quoi sert-elle ? - Rentila le blog immobilier et gestion locative","robots":{"index":"index","follow":"follow","max-snippet":"max-snippet:-1","max-image-preview":"max-image-preview:large","max-video-preview":"max-video-preview:-1"},"canonical":"https:\/\/www.rentila.com\/blog\/2023\/10\/comment-calculer-la-valeur-locative-dun-bien-et-a-quoi-sert-elle\/","og_locale":"fr_FR","og_type":"article","og_title":"Calculer la valeur locative : Comment est fait le calcul ?","og_description":"Comment calculer la valeur locative d'un bien et \u00e0 quoi sert-elle ? - Rentila le blog immobilier et gestion locative","og_url":"https:\/\/www.rentila.com\/blog\/2023\/10\/comment-calculer-la-valeur-locative-dun-bien-et-a-quoi-sert-elle\/","og_site_name":"Rentila le blog immobilier et gestion locative","article_published_time":"2023-10-08T07:22:30+00:00","article_modified_time":"2023-11-19T21:34:01+00:00","og_image":[{"url":"https:\/\/www.rentila.com\/assets\/img\/blog\/stats_1400.png","type":"","width":"","height":""}],"author":"Rentila","twitter_card":"summary_large_image","twitter_misc":{"\u00c9crit par":"Rentila","Dur\u00e9e de lecture estim\u00e9e":"8 minutes"},"schema":{"@context":"https:\/\/schema.org","@graph":[{"@type":"Article","@id":"https:\/\/www.rentila.com\/blog\/2023\/10\/comment-calculer-la-valeur-locative-dun-bien-et-a-quoi-sert-elle\/#article","isPartOf":{"@id":"https:\/\/www.rentila.com\/blog\/2023\/10\/comment-calculer-la-valeur-locative-dun-bien-et-a-quoi-sert-elle\/"},"author":{"name":"Rentila","@id":"https:\/\/www.rentila.com\/blog\/#\/schema\/person\/77609e80c041021ec588518135d63c59"},"headline":"Comment calculer la valeur locative d&rsquo;un bien et \u00e0 quoi sert-elle ?","datePublished":"2023-10-08T07:22:30+00:00","dateModified":"2023-11-19T21:34:01+00:00","mainEntityOfPage":{"@id":"https:\/\/www.rentila.com\/blog\/2023\/10\/comment-calculer-la-valeur-locative-dun-bien-et-a-quoi-sert-elle\/"},"wordCount":1595,"publisher":{"@id":"https:\/\/www.rentila.com\/blog\/#organization"},"image":{"@id":"https:\/\/www.rentila.com\/blog\/2023\/10\/comment-calculer-la-valeur-locative-dun-bien-et-a-quoi-sert-elle\/#primaryimage"},"thumbnailUrl":"https:\/\/www.rentila.com\/assets\/img\/blog\/blog_advice_1.png","keywords":["Investissement locatif","valeur locative cadastrale"],"articleSection":["Fiscalit\u00e9"],"inLanguage":"fr-FR"},{"@type":"WebPage","@id":"https:\/\/www.rentila.com\/blog\/2023\/10\/comment-calculer-la-valeur-locative-dun-bien-et-a-quoi-sert-elle\/","url":"https:\/\/www.rentila.com\/blog\/2023\/10\/comment-calculer-la-valeur-locative-dun-bien-et-a-quoi-sert-elle\/","name":"Calculer la valeur locative : Comment est fait le calcul ?","isPartOf":{"@id":"https:\/\/www.rentila.com\/blog\/#website"},"primaryImageOfPage":{"@id":"https:\/\/www.rentila.com\/blog\/2023\/10\/comment-calculer-la-valeur-locative-dun-bien-et-a-quoi-sert-elle\/#primaryimage"},"image":{"@id":"https:\/\/www.rentila.com\/blog\/2023\/10\/comment-calculer-la-valeur-locative-dun-bien-et-a-quoi-sert-elle\/#primaryimage"},"thumbnailUrl":"https:\/\/www.rentila.com\/assets\/img\/blog\/blog_advice_1.png","datePublished":"2023-10-08T07:22:30+00:00","dateModified":"2023-11-19T21:34:01+00:00","description":"Comment calculer la valeur locative d'un bien et \u00e0 quoi sert-elle ? - Rentila le blog immobilier et gestion locative","breadcrumb":{"@id":"https:\/\/www.rentila.com\/blog\/2023\/10\/comment-calculer-la-valeur-locative-dun-bien-et-a-quoi-sert-elle\/#breadcrumb"},"inLanguage":"fr-FR","potentialAction":[{"@type":"ReadAction","target":["https:\/\/www.rentila.com\/blog\/2023\/10\/comment-calculer-la-valeur-locative-dun-bien-et-a-quoi-sert-elle\/"]}]},{"@type":"ImageObject","inLanguage":"fr-FR","@id":"https:\/\/www.rentila.com\/blog\/2023\/10\/comment-calculer-la-valeur-locative-dun-bien-et-a-quoi-sert-elle\/#primaryimage","url":"https:\/\/www.rentila.com\/assets\/img\/blog\/blog_advice_1.png","contentUrl":"https:\/\/www.rentila.com\/assets\/img\/blog\/blog_advice_1.png"},{"@type":"BreadcrumbList","@id":"https:\/\/www.rentila.com\/blog\/2023\/10\/comment-calculer-la-valeur-locative-dun-bien-et-a-quoi-sert-elle\/#breadcrumb","itemListElement":[{"@type":"ListItem","position":1,"name":"Accueil","item":"https:\/\/www.rentila.com\/blog\/"},{"@type":"ListItem","position":2,"name":"Comment calculer la valeur locative d&rsquo;un bien et \u00e0 quoi sert-elle ?"}]},{"@type":"WebSite","@id":"https:\/\/www.rentila.com\/blog\/#website","url":"https:\/\/www.rentila.com\/blog\/","name":"Rentila le blog immobilier et gestion locative","description":"Conseils pratiques, actualit\u00e9 immobili\u00e8re","publisher":{"@id":"https:\/\/www.rentila.com\/blog\/#organization"},"potentialAction":[{"@type":"SearchAction","target":{"@type":"EntryPoint","urlTemplate":"https:\/\/www.rentila.com\/blog\/?s={search_term_string}"},"query-input":{"@type":"PropertyValueSpecification","valueRequired":true,"valueName":"search_term_string"}}],"inLanguage":"fr-FR"},{"@type":"Organization","@id":"https:\/\/www.rentila.com\/blog\/#organization","name":"Rentila le blog immobilier et gestion locative","url":"https:\/\/www.rentila.com\/blog\/","logo":{"@type":"ImageObject","inLanguage":"fr-FR","@id":"https:\/\/www.rentila.com\/blog\/#\/schema\/logo\/image\/","url":"https:\/\/www.rentila.com\/blog\/wp-content\/uploads\/2015\/08\/logo_house_256px.png","contentUrl":"https:\/\/www.rentila.com\/blog\/wp-content\/uploads\/2015\/08\/logo_house_256px.png","width":256,"height":256,"caption":"Rentila le blog immobilier et gestion locative"},"image":{"@id":"https:\/\/www.rentila.com\/blog\/#\/schema\/logo\/image\/"}},{"@type":"Person","@id":"https:\/\/www.rentila.com\/blog\/#\/schema\/person\/77609e80c041021ec588518135d63c59","name":"Rentila","url":"https:\/\/www.rentila.com\/blog\/author\/admin\/"}]}},"_links":{"self":[{"href":"https:\/\/www.rentila.com\/blog\/wp-json\/wp\/v2\/posts\/14653","targetHints":{"allow":["GET"]}}],"collection":[{"href":"https:\/\/www.rentila.com\/blog\/wp-json\/wp\/v2\/posts"}],"about":[{"href":"https:\/\/www.rentila.com\/blog\/wp-json\/wp\/v2\/types\/post"}],"author":[{"embeddable":true,"href":"https:\/\/www.rentila.com\/blog\/wp-json\/wp\/v2\/users\/1"}],"replies":[{"embeddable":true,"href":"https:\/\/www.rentila.com\/blog\/wp-json\/wp\/v2\/comments?post=14653"}],"version-history":[{"count":45,"href":"https:\/\/www.rentila.com\/blog\/wp-json\/wp\/v2\/posts\/14653\/revisions"}],"predecessor-version":[{"id":15121,"href":"https:\/\/www.rentila.com\/blog\/wp-json\/wp\/v2\/posts\/14653\/revisions\/15121"}],"wp:attachment":[{"href":"https:\/\/www.rentila.com\/blog\/wp-json\/wp\/v2\/media?parent=14653"}],"wp:term":[{"taxonomy":"category","embeddable":true,"href":"https:\/\/www.rentila.com\/blog\/wp-json\/wp\/v2\/categories?post=14653"},{"taxonomy":"post_tag","embeddable":true,"href":"https:\/\/www.rentila.com\/blog\/wp-json\/wp\/v2\/tags?post=14653"}],"curies":[{"name":"wp","href":"https:\/\/api.w.org\/{rel}","templated":true}]}}