{"id":16661,"date":"2024-02-07T14:12:34","date_gmt":"2024-02-07T12:12:34","guid":{"rendered":"https:\/\/www.rentila.com\/blog\/?p=16661"},"modified":"2024-02-10T13:05:27","modified_gmt":"2024-02-10T11:05:27","slug":"dois-je-prendre-un-cabinet-comptable-pour-une-location-en-meuble","status":"publish","type":"post","link":"https:\/\/www.rentila.com\/blog\/2024\/02\/dois-je-prendre-un-cabinet-comptable-pour-une-location-en-meuble\/","title":{"rendered":"Dois-je prendre un cabinet comptable pour une location en meubl\u00e9\u2009?"},"content":{"rendered":"<div><img decoding=\"async\" class=\"alignleft size-full wp-image-516\" title=\"newspaper\" src=\"https:\/\/www.rentila.com\/assets\/img\/blog\/blog_accounting.png\" alt=\"Dois-je prendre un cabinet comptable pour une location en meubl\u00e9\u2009?\" width=\"100%\" height=\"\" \/><\/div>\n<div class=\"sommaire\">\n<div class=\"phase-content__flag phase-1\">Sommaire<\/div>\n<ol>\n<li><a href=\"https:\/\/www.rentila.com\/blog\/2024\/02\/dois-je-prendre-un-cabinet-comptable-pour-une-location-en-meuble\/#1\">Pourquoi tenir une comptabilit\u00e9 pour votre location en meubl\u00e9\u2009?<\/a><\/li>\n<li><a href=\"https:\/\/www.rentila.com\/blog\/2024\/02\/dois-je-prendre-un-cabinet-comptable-pour-une-location-en-meuble\/#2\">Pourquoi faire appel \u00e0 un professionnel\u2009?<\/a><\/li>\n<li><a href=\"https:\/\/www.rentila.com\/blog\/2024\/02\/dois-je-prendre-un-cabinet-comptable-pour-une-location-en-meuble\/#3\">Immatriculation SIRET et D\u00e9claration de la CFE<\/a><\/li>\n<li><a href=\"https:\/\/www.rentila.com\/blog\/2024\/02\/dois-je-prendre-un-cabinet-comptable-pour-une-location-en-meuble\/#4\">LMP\/LMNP\u2009?<\/a><\/li>\n<li><a href=\"https:\/\/www.rentila.com\/blog\/2024\/02\/dois-je-prendre-un-cabinet-comptable-pour-une-location-en-meuble\/#5\">FAQ&rsquo;s<\/a><\/li>\n<li><a href=\"https:\/\/www.rentila.com\/blog\/2024\/02\/dois-je-prendre-un-cabinet-comptable-pour-une-location-en-meuble\/#6\">Points \u00e0 retenir<\/a><\/li>\n<\/ol>\n<\/div>\n<p class=\"lead\">Vous envisagez d&rsquo;acqu\u00e9rir un bien immobilier \u00e0 titre personnel pour le mettre en location ult\u00e9rieurement ?<\/p>\n<p class=\"lead\">Selon le r\u00e9gime fiscal choisi, il se pourrait que vous ayez besoin de faire appel \u00e0 un sp\u00e9cialiste en fiscalit\u00e9 immobili\u00e8re pour g\u00e9rer vos obligations fiscales.<\/p>\n<p class=\"lead\">Rentila vous explique quelles sont vos responsabilit\u00e9s comptables et fiscales et dans quel cas avoir recours \u00e0 un comptable.<\/p>\n<p><!--more--><\/p>\n<h2 id=\"1\">Pourquoi tenir une comptabilit\u00e9 pour votre location en meubl\u00e9\u2009?<\/h2>\n<p>Quand on loue un meubl\u00e9, il est essentiel de rester attentif au moment de la d\u00e9claration d\u2019imp\u00f4t, car les particularit\u00e9s fiscales sont nombreuses. Il convient de les respecter.<\/p>\n<p>Si vous vous sentez d\u00e9pass\u00e9 par cette complexit\u00e9 ou si vous manquez de temps, envisager l&rsquo;assistance d&rsquo;un expert-comptable pourrait \u00eatre pertinent. Toutefois, est-il indispensable de recourir \u00e0 ce professionnel d\u00e8s lors que vous louez un meubl\u00e9, y compris sur des plateformes telles qu&rsquo;Airbnb ?<\/p>\n<p>Aujourd\u2019hui, de plus en plus de propri\u00e9taires-bailleurs d\u00e9cident de louer leur bien en meubl\u00e9. Mais ce type de location implique une gestion de plus en plus compliqu\u00e9e.<\/p>\n<p>\u00c0 la diff\u00e9rence d\u2019une location nue, une <a href=\"https:\/\/www.impots.gouv.fr\/particulier\/location-meublee\" target=\"_blank\" rel=\"noopener\">location meubl\u00e9e<\/a> est consid\u00e9r\u00e9e comme une <strong>activit\u00e9 commerciale<\/strong> sur le plan fiscal.<\/p>\n<p>Et la dur\u00e9e de la location n\u2019entre pas en compte. Que ce soit \u00e0 la nuit\u00e9e, \u00e0 la semaine (comme c\u2019est le cas pour un meubl\u00e9 de tourisme) ou encore \u00e0 l\u2019ann\u00e9e (meubl\u00e9 d\u2019habitation), il n\u2019y a pas de diff\u00e9rence.<\/p>\n<p>D\u00e8s lors, les revenus que vous percevez issus de la location meubl\u00e9e sont plus imposables en revenus fonciers, mais en BIC (b\u00e9n\u00e9fices industriels et commerciaux).<\/p>\n<p>En tant que bailleur, vous aurez alors le choix du r\u00e9gime d\u2019imposition de vos revenus : <a href=\"https:\/\/www.impots.gouv.fr\/particulier\/les-regimes-dimposition\" target=\"_blank\" rel=\"noopener\">BIC au r\u00e9el ou micro-BIC<\/a>.<\/p>\n<p>Vous ne serez concern\u00e9 par une comptabilit\u00e9 de votre location meubl\u00e9e que si vous choisissez le BIC au r\u00e9el, c\u2019est-\u00e0-dire le r\u00e9gime fiscal le plus avantageux pour un meubl\u00e9.<\/p>\n<p>Concr\u00e8tement, en choisissant d\u2019\u00eatre impos\u00e9 au BIC au r\u00e9el (\u00e0 la place du micro-BIC avec son abattement forfaitaire de 50 %), vous pouvez d\u00e9duire jusqu\u2019\u00e0 100 % de vos charges.<\/p>\n<div class=\"alert alert-info\">\n<h3 class=\"lead\">Notre conseil<\/h3>\n<p>Identifiez les enjeux et les gains potentiels d\u2019une tenue d\u2019une comptabilit\u00e9 par un sp\u00e9cialiste en fiscalit\u00e9 immobili\u00e8re avant d\u2019en rejeter tout projet.<\/p>\n<\/div>\n<h2 id=\"2\" class=\"wp-block-heading\">Pourquoi faire appel \u00e0 un professionnel\u2009?<\/h2>\n<p>Dans le cas o\u00f9 vous optez pour le r\u00e9gime R\u00e9el, nous vous recommandons de faire appel \u00e0 un expert-comptable sp\u00e9cialiste de l\u2019immobilier.<\/p>\n<p>Son appui vous apportera plusieurs avantages.<\/p>\n<h3 class=\"wp-block-heading\">Une gestion comptable et fiscale pointilleuse<\/h3>\n<p>L\u2019activit\u00e9 immobili\u00e8re pr\u00e9sente de nombreuses sp\u00e9cificit\u00e9s sur le plan fiscal et comptable. Et elle rel\u00e8ve d\u2019un cadre l\u00e9gislatif qui \u00e9volue constamment.<\/p>\n<p>Face \u00e0 des enjeux financiers cons\u00e9quents, faire appel \u00e0 un sp\u00e9cialiste en fiscalit\u00e9 immobili\u00e8re s\u2019av\u00e8re une option judicieuse.<\/p>\n<h3 class=\"wp-block-heading\">Un savoir-faire pertinent<\/h3>\n<p>En contactant un sp\u00e9cialiste en fiscalit\u00e9 immobili\u00e8re pour la gestion de votre location meubl\u00e9e, vous avez l\u2019assurance que ce professionnel va travailler dans votre int\u00e9r\u00eat.<br \/>\nIl cherchera constamment \u00e0 optimiser votre investissement sur le plan \u00e9conomique et fiscal.<\/p>\n<h3 class=\"wp-block-heading\">Une vraie exp\u00e9rience du terrain<\/h3>\n<p>Le cabinet comptable sp\u00e9cialis\u00e9 dans l\u2019immobilier vous permet de b\u00e9n\u00e9ficier d\u2019une expertise dans le secteur de la location immobili\u00e8re.<\/p>\n<p>L\u2019expert-comptable, au gr\u00e9 de ses exp\u00e9riences pass\u00e9es aupr\u00e8s de bailleurs et d\u2019investisseurs aux profils vari\u00e9s, va pouvoir vous proposer la solution la plus ad\u00e9quate selon votre profil.<\/p>\n<h3 class=\"wp-block-heading\">Des risques minimis\u00e9s<\/h3>\n<p>Enfin, faire appel \u00e0 un professionnel comme un expert-comptable pour l\u2019immobilier, c\u2019est la meilleure solution pour r\u00e9duire les risques et minimiser les \u00e9ventuels redressements fiscaux.<\/p>\n<h2 id=\"3\" class=\"wp-block-heading\">Immatriculation SIRET et D\u00e9claration de la CFE<\/h2>\n<p>En louant votre bien en meubl\u00e9, que vous soyez en tant que LMP ou en LMNP, vous avez l\u2019obligation de d\u00e9clarer la cr\u00e9ation de votre activit\u00e9 commerciale aupr\u00e8s de l&rsquo;INPI \u2014 rappelons que la location d\u2019un meubl\u00e9 rel\u00e8ve d\u2019une activit\u00e9 commerciale pour les imp\u00f4ts.<\/p>\n<p>Vous devez aussi effectuer une d\u00e9claration de CFE <strong>(Cotisation Fonci\u00e8re des Entreprises)<\/strong> avant le 1er janvier de l&rsquo;ann\u00e9e suivant la cr\u00e9ation de votre entreprise, \u00e0 l&rsquo;aide du formulaire 1447 mis \u00e0 disposition sur le site <a href=\"https:\/\/www.impots.gouv.fr\/formulaire\/1447-c-sd\/declaration-initiale-de-cotisation-fonciere-des-entreprises\" target=\"_blank\" rel=\"noopener\">impots.gouv.fr<\/a>.<\/p>\n<p>L\u00e0 encore, cette d\u00e9claration comme la gestion qui s\u2019en suivre peut \u00eatre r\u00e9alis\u00e9e par vous-m\u00eame ou \u00eatre effectu\u00e9e par un sp\u00e9cialiste en fiscalit\u00e9 immobili\u00e8re.<\/p>\n<div class=\"alert alert-info\">\n<h3 class=\"lead\">Bon \u00e0 savoir<\/h3>\n<p>Si vous louez des locaux d\u2019habitation meubl\u00e9s dans plusieurs communes, vous n\u2019\u00eates redevable de la CFE (Cotisation Fonci\u00e8re des Entreprises) qu\u2019au lieu de l\u2019\u00e9tablissement principal.<\/p>\n<p>On appelle \u00e9tablissement principal le bien en location apportant la contribution la plus importante dans la d\u00e9claration annuelle de r\u00e9sultats. Dans ce cas de figure, vous n\u2019\u00eates donc redevable de la CFE qu\u2019une seule fois par an et selon la base minimum.<\/p>\n<\/div>\n<h2 id=\"4\" class=\"wp-block-heading\">LMP\/LMNP\u2009?<\/h2>\n<p>En tant que LMNP (Loueur Meubl\u00e9e Non Professionnel), le choix de l&rsquo;option fiscale est possible selon ces conditions :<\/p>\n<p>Jusqu\u2019au seuil de 15 000 ou 77\u2009700 \u20ac\/an de revenus locatifs (selon zone g\u00e9ographique et mode de location saisonnier ou habitation), vous relevez automatiquement du r\u00e9gime de micro-BIC. Vous b\u00e9n\u00e9ficiez alors d\u2019un abattement de 30%, de 50 % ou de 71% sur vos recettes selon la localit\u00e9 et selon le type de location (saisonnier, tourisme ou habitation).<\/p>\n<p>Si les revenus annuels locatifs d\u00e9passent ces seuils, c\u2019est le r\u00e9gime r\u00e9el qui s\u2019applique automatiquement.<\/p>\n<p>Avec ce r\u00e9gime, vous pouvez d\u00e9duire les charges et les frais qui sont support\u00e9s dans le cadre de votre activit\u00e9 locative, y compris des frais d\u2019acquisition comme les frais d\u2019agence ou les frais de notaire.<\/p>\n<p>Attention, il est toujours possible (et m\u00eame recommand\u00e9) de faire le choix du r\u00e9gime R\u00e9el m\u00eame si vos revenus locatifs sont inf\u00e9rieurs aux plafonds de revenus du Micro-BIC.<\/p>\n<p>En tant que LMP (loueur en meubl\u00e9 professionnel), vous avez int\u00e9r\u00eat \u00e0 vous entourer d\u2019un expert en fiscalit\u00e9 immobili\u00e8re, car ce statut implique des sp\u00e9cificit\u00e9s complexes et la tenue d&rsquo;une comptabilit\u00e9 rigoureuse.<\/p>\n<p>En LMP, les recettes annuelles issues de votre activit\u00e9 de bailleur pour une location meubl\u00e9e doivent d\u00e9passer 23\u2009000 \u20ac ET d\u00e9passer les autres revenus du travail du foyer.<\/p>\n<div class=\"alert\">\n<h3 class=\"lead\">Important<\/h3>\n<p>Ces obligations, seuils et niveaux d&rsquo;abattements sont en ce moment discut\u00e9s au S\u00e9nat pour la Loi de Finance 2024.<\/p>\n<\/div>\n<div class=\"alert alert-success\">\n<h3 class=\"lead\">R\u00e9aliser une d\u00e9claration fiscale avec Rentila<\/h3>\n<p>Vous pouvez r\u00e9aliser votre <a href=\"https:\/\/www.rentila.com\/landlord\/#taxdeclaration\" target=\"_blank\" rel=\"noopener\">d\u00e9claration fiscale<\/a> de revenus locatifs avec Rentila quel que soit votre r\u00e9gime d&rsquo;imposition.<\/p>\n<p>Cette fonctionnalit\u00e9 est disponible dans votre interface de gestion, rubrique <b>\u00a0<i class=\"fad fa-coins\"><\/i> Finances<\/b>.<\/p>\n<\/div>\n<p>En conclusion, c\u2019est votre r\u00e9gime d\u2019imposition, \u00e0 savoir micro-BIC ou Bic au r\u00e9el qui vient d\u00e9terminer l\u2019\u00e9tendue de vos obligations comptables et fiscales.<\/p>\n<p>M\u00eame si le r\u00e9gime Micro-BIC s&rsquo;applique automatiquement sous le seuil de 77 700\u20ac\/an, le bailleur peut choisir le r\u00e9gime BIC R\u00e9el, plus int\u00e9ressant dans la majorit\u00e9 des cas.<\/p>\n<p>En tant que LMP (loueur en meubl\u00e9 professionnel), vous avez int\u00e9r\u00eat \u00e0 vous entourer d\u2019un sp\u00e9cialiste de la fiscalit\u00e9 immobili\u00e8re car ce statut implique des cotisation sociales ajoutant de la complexit\u00e9.<\/p>\n<div class=\"alert\">\n<h3 class=\"lead\">A noter<\/h3>\n<p>Les recettes annuelles issues de votre activit\u00e9 de bailleur pour une location meubl\u00e9e doivent d\u00e9passer 23\u2009000 \u20ac ET d\u00e9passer les autres revenus du travail du foyer.<\/p>\n<\/div>\n<h2 id=\"5\" class=\"wp-block-heading\">FAQ&rsquo;s<\/h2>\n<h3>Pourquoi prendre un sp\u00e9cialiste de la fiscalit\u00e9 immobili\u00e8re en LMNP\u2009?<\/h3>\n<p>Vous gagnez en s\u00e9r\u00e9nit\u00e9 sur la gestion de vos documents administratifs et vous optimisez votre d\u00e9claration fiscale.<\/p>\n<h3>Quand passez-vous du statut LMNP au statut LMP ?<\/h3>\n<p>Si vos recettes locatives annuelles sont inf\u00e9rieures \u00e0 23\u2009000 \u20ac, vous \u00eates LMNP.<\/p>\n<p>Si elles sont sup\u00e9rieures \u00e0 23 000\u20ac et repr\u00e9sentent la majorit\u00e9 de vos revenus, vous devenez LMP au 1er janvier de l&rsquo;ann\u00e9e.<\/p>\n<p>Si vos recettes locatives annuelles sont sup\u00e9rieures \u00e0 23 000\u20ac mais ne repr\u00e9sentent moins de 50% de vos revenus totaux, alors vous \u00eates toujours LMNP.<\/p>\n<h3>Quel est l\u2019amortissement en LMNP\u2009?<\/h3>\n<p>La dur\u00e9e de l\u2019amortissement en LMNP est un calcul complexe r\u00e9serv\u00e9 \u00e0 un sp\u00e9cialiste de la fiscalit\u00e9 immobili\u00e8re. Il se calcule en \u00f4tant la quote-part terrain, puis en d\u00e9coupant le b\u00e2ti en composants. Chaque composant s&rsquo;amorti sur des dur\u00e9es allant de 5 ans \u00e0 50 ans.<\/p>\n<p>Cela repr\u00e9sente en moyenne entre 2,4 et 4 % par an du prix d\u2019achat. Les frais d&rsquo;acquisition sont d\u00e9ductibles en charges sous conditions, ou peuvent \u00eatre amortis (l&rsquo;un ou l&rsquo;autre).<\/p>\n<h2 id=\"5\" class=\"wp-block-heading\">Prendre un sp\u00e9cialiste en fiscalit\u00e9 immobili\u00e8re pour une location en meubl\u00e9 : ce qu&rsquo;il faut retenir<\/h2>\n<ul>\n<li>Faire appel \u00e0 un sp\u00e9cialiste en fiscalit\u00e9 immobili\u00e8re permet au loueur meubl\u00e9 de naviguer avec assurance dans la complexit\u00e9 des obligations fiscales. Il peut offrir des conseils personnalis\u00e9s pour optimiser la d\u00e9claration des revenus, assurer la conformit\u00e9 et \u00e9viter les erreurs co\u00fbteuses.<\/li>\n<li>L\u2019expert-comptable sp\u00e9cialis\u00e9 en immobilier apporte son expertise pour d\u00e9finir la meilleure strat\u00e9gie patrimoniale (d\u00e9tention directe, SCI, SARL de famille&#8230;) Il veille au respect scrupuleux de la l\u00e9gislation en vigueur.<\/li>\n<li>La d\u00e9claration au CFE est une \u00e9tape obligatoire pour d\u00e9buter une activit\u00e9 de location meubl\u00e9e. Elle permet d\u2019immatriculer l\u2019activit\u00e9, de choisir le r\u00e9gime fiscal ad\u00e9quat et d\u2019\u00eatre en r\u00e8gle avec les administrations.<\/li>\n<li>Le statut de Loueur Meubl\u00e9 Professionnel (LMP) ou Non Professionnel (LMNP) d\u00e9termine le cadre fiscal de l\u2019activit\u00e9 de location. C&rsquo;est le niveau de revenus locatifs compar\u00e9 \u00e0 vos autres revenus du travail qui d\u00e9termine le statut LMP ou LMNP. Les incidences sont fortes et en cours de discussion au niveau l\u00e9gislatif pour la Loi de Finance 2024. Nous suivons ces \u00e9volutions jour par jour.<\/li>\n<\/ul>\n","protected":false},"excerpt":{"rendered":"<p>Sommaire Pourquoi tenir une comptabilit\u00e9 pour votre location en meubl\u00e9\u2009? Pourquoi faire appel \u00e0 un professionnel\u2009? Immatriculation SIRET et D\u00e9claration de la CFE LMP\/LMNP\u2009? FAQ&rsquo;s Points \u00e0 retenir Vous envisagez d&rsquo;acqu\u00e9rir un bien immobilier \u00e0 titre personnel pour le mettre en location ult\u00e9rieurement ? Selon le r\u00e9gime fiscal choisi, il se pourrait que vous ayez [&hellip;]<\/p>\n","protected":false},"author":1,"featured_media":0,"comment_status":"closed","ping_status":"closed","sticky":false,"template":"","format":"standard","meta":{"footnotes":""},"categories":[123],"tags":[187,102],"class_list":["post-16661","post","type-post","status-publish","format-standard","hentry","category-conseils","tag-comptabilite","tag-location-meublee"],"yoast_head":"<!-- This site is optimized with the Yoast SEO plugin v27.4 - https:\/\/yoast.com\/product\/yoast-seo-wordpress\/ -->\n<title>Prendre un cabinet comptable pour une location en meubl\u00e9\u2009?<\/title>\n<meta name=\"description\" content=\"Dois-je prendre un cabinet comptable pour une location en meubl\u00e9\u2009? - Rentila le blog immobilier et gestion locative\" \/>\n<meta name=\"robots\" content=\"index, follow, max-snippet:-1, max-image-preview:large, max-video-preview:-1\" \/>\n<link rel=\"canonical\" href=\"https:\/\/www.rentila.com\/blog\/2024\/02\/dois-je-prendre-un-cabinet-comptable-pour-une-location-en-meuble\/\" \/>\n<meta property=\"og:locale\" content=\"fr_FR\" \/>\n<meta property=\"og:type\" content=\"article\" \/>\n<meta property=\"og:title\" content=\"Prendre un cabinet comptable pour une location en meubl\u00e9\u2009?\" \/>\n<meta property=\"og:description\" content=\"Dois-je prendre un cabinet comptable pour une location en meubl\u00e9\u2009? - Rentila le blog immobilier et gestion locative\" \/>\n<meta property=\"og:url\" content=\"https:\/\/www.rentila.com\/blog\/2024\/02\/dois-je-prendre-un-cabinet-comptable-pour-une-location-en-meuble\/\" \/>\n<meta property=\"og:site_name\" content=\"Rentila le blog immobilier et gestion locative\" \/>\n<meta property=\"article:published_time\" content=\"2024-02-07T12:12:34+00:00\" \/>\n<meta property=\"article:modified_time\" content=\"2024-02-10T11:05:27+00:00\" \/>\n<meta property=\"og:image\" content=\"https:\/\/www.rentila.com\/assets\/img\/blog\/tax_1400.png\" \/>\n<meta name=\"author\" content=\"Rentila\" \/>\n<meta name=\"twitter:card\" content=\"summary_large_image\" \/>\n<meta name=\"twitter:label1\" content=\"\u00c9crit par\" \/>\n\t<meta name=\"twitter:data1\" content=\"Rentila\" \/>\n\t<meta name=\"twitter:label2\" content=\"Dur\u00e9e de lecture estim\u00e9e\" \/>\n\t<meta name=\"twitter:data2\" content=\"8 minutes\" \/>\n<script type=\"application\/ld+json\" class=\"yoast-schema-graph\">{\"@context\":\"https:\\\/\\\/schema.org\",\"@graph\":[{\"@type\":\"Article\",\"@id\":\"https:\\\/\\\/www.rentila.com\\\/blog\\\/2024\\\/02\\\/dois-je-prendre-un-cabinet-comptable-pour-une-location-en-meuble\\\/#article\",\"isPartOf\":{\"@id\":\"https:\\\/\\\/www.rentila.com\\\/blog\\\/2024\\\/02\\\/dois-je-prendre-un-cabinet-comptable-pour-une-location-en-meuble\\\/\"},\"author\":{\"name\":\"Rentila\",\"@id\":\"https:\\\/\\\/www.rentila.com\\\/blog\\\/#\\\/schema\\\/person\\\/77609e80c041021ec588518135d63c59\"},\"headline\":\"Dois-je prendre un cabinet comptable pour une location en meubl\u00e9\u2009?\",\"datePublished\":\"2024-02-07T12:12:34+00:00\",\"dateModified\":\"2024-02-10T11:05:27+00:00\",\"mainEntityOfPage\":{\"@id\":\"https:\\\/\\\/www.rentila.com\\\/blog\\\/2024\\\/02\\\/dois-je-prendre-un-cabinet-comptable-pour-une-location-en-meuble\\\/\"},\"wordCount\":1682,\"publisher\":{\"@id\":\"https:\\\/\\\/www.rentila.com\\\/blog\\\/#organization\"},\"image\":{\"@id\":\"https:\\\/\\\/www.rentila.com\\\/blog\\\/2024\\\/02\\\/dois-je-prendre-un-cabinet-comptable-pour-une-location-en-meuble\\\/#primaryimage\"},\"thumbnailUrl\":\"https:\\\/\\\/www.rentila.com\\\/assets\\\/img\\\/blog\\\/blog_accounting.png\",\"keywords\":[\"comptabilit\u00e9\",\"Location meubl\u00e9e\"],\"articleSection\":[\"Conseils\"],\"inLanguage\":\"fr-FR\"},{\"@type\":\"WebPage\",\"@id\":\"https:\\\/\\\/www.rentila.com\\\/blog\\\/2024\\\/02\\\/dois-je-prendre-un-cabinet-comptable-pour-une-location-en-meuble\\\/\",\"url\":\"https:\\\/\\\/www.rentila.com\\\/blog\\\/2024\\\/02\\\/dois-je-prendre-un-cabinet-comptable-pour-une-location-en-meuble\\\/\",\"name\":\"Prendre un cabinet comptable pour une location en meubl\u00e9\u2009?\",\"isPartOf\":{\"@id\":\"https:\\\/\\\/www.rentila.com\\\/blog\\\/#website\"},\"primaryImageOfPage\":{\"@id\":\"https:\\\/\\\/www.rentila.com\\\/blog\\\/2024\\\/02\\\/dois-je-prendre-un-cabinet-comptable-pour-une-location-en-meuble\\\/#primaryimage\"},\"image\":{\"@id\":\"https:\\\/\\\/www.rentila.com\\\/blog\\\/2024\\\/02\\\/dois-je-prendre-un-cabinet-comptable-pour-une-location-en-meuble\\\/#primaryimage\"},\"thumbnailUrl\":\"https:\\\/\\\/www.rentila.com\\\/assets\\\/img\\\/blog\\\/blog_accounting.png\",\"datePublished\":\"2024-02-07T12:12:34+00:00\",\"dateModified\":\"2024-02-10T11:05:27+00:00\",\"description\":\"Dois-je prendre un cabinet comptable pour une location en meubl\u00e9\u2009? - Rentila le blog immobilier et gestion locative\",\"breadcrumb\":{\"@id\":\"https:\\\/\\\/www.rentila.com\\\/blog\\\/2024\\\/02\\\/dois-je-prendre-un-cabinet-comptable-pour-une-location-en-meuble\\\/#breadcrumb\"},\"inLanguage\":\"fr-FR\",\"potentialAction\":[{\"@type\":\"ReadAction\",\"target\":[\"https:\\\/\\\/www.rentila.com\\\/blog\\\/2024\\\/02\\\/dois-je-prendre-un-cabinet-comptable-pour-une-location-en-meuble\\\/\"]}]},{\"@type\":\"ImageObject\",\"inLanguage\":\"fr-FR\",\"@id\":\"https:\\\/\\\/www.rentila.com\\\/blog\\\/2024\\\/02\\\/dois-je-prendre-un-cabinet-comptable-pour-une-location-en-meuble\\\/#primaryimage\",\"url\":\"https:\\\/\\\/www.rentila.com\\\/assets\\\/img\\\/blog\\\/blog_accounting.png\",\"contentUrl\":\"https:\\\/\\\/www.rentila.com\\\/assets\\\/img\\\/blog\\\/blog_accounting.png\"},{\"@type\":\"BreadcrumbList\",\"@id\":\"https:\\\/\\\/www.rentila.com\\\/blog\\\/2024\\\/02\\\/dois-je-prendre-un-cabinet-comptable-pour-une-location-en-meuble\\\/#breadcrumb\",\"itemListElement\":[{\"@type\":\"ListItem\",\"position\":1,\"name\":\"Accueil\",\"item\":\"https:\\\/\\\/www.rentila.com\\\/blog\\\/\"},{\"@type\":\"ListItem\",\"position\":2,\"name\":\"Dois-je prendre un cabinet comptable pour une location en meubl\u00e9\u2009?\"}]},{\"@type\":\"WebSite\",\"@id\":\"https:\\\/\\\/www.rentila.com\\\/blog\\\/#website\",\"url\":\"https:\\\/\\\/www.rentila.com\\\/blog\\\/\",\"name\":\"Rentila le blog immobilier et gestion locative\",\"description\":\"Conseils pratiques, actualit\u00e9 immobili\u00e8re\",\"publisher\":{\"@id\":\"https:\\\/\\\/www.rentila.com\\\/blog\\\/#organization\"},\"potentialAction\":[{\"@type\":\"SearchAction\",\"target\":{\"@type\":\"EntryPoint\",\"urlTemplate\":\"https:\\\/\\\/www.rentila.com\\\/blog\\\/?s={search_term_string}\"},\"query-input\":{\"@type\":\"PropertyValueSpecification\",\"valueRequired\":true,\"valueName\":\"search_term_string\"}}],\"inLanguage\":\"fr-FR\"},{\"@type\":\"Organization\",\"@id\":\"https:\\\/\\\/www.rentila.com\\\/blog\\\/#organization\",\"name\":\"Rentila le blog immobilier et gestion locative\",\"url\":\"https:\\\/\\\/www.rentila.com\\\/blog\\\/\",\"logo\":{\"@type\":\"ImageObject\",\"inLanguage\":\"fr-FR\",\"@id\":\"https:\\\/\\\/www.rentila.com\\\/blog\\\/#\\\/schema\\\/logo\\\/image\\\/\",\"url\":\"https:\\\/\\\/www.rentila.com\\\/blog\\\/wp-content\\\/uploads\\\/2015\\\/08\\\/logo_house_256px.png\",\"contentUrl\":\"https:\\\/\\\/www.rentila.com\\\/blog\\\/wp-content\\\/uploads\\\/2015\\\/08\\\/logo_house_256px.png\",\"width\":256,\"height\":256,\"caption\":\"Rentila le blog immobilier et gestion locative\"},\"image\":{\"@id\":\"https:\\\/\\\/www.rentila.com\\\/blog\\\/#\\\/schema\\\/logo\\\/image\\\/\"}},{\"@type\":\"Person\",\"@id\":\"https:\\\/\\\/www.rentila.com\\\/blog\\\/#\\\/schema\\\/person\\\/77609e80c041021ec588518135d63c59\",\"name\":\"Rentila\",\"url\":\"https:\\\/\\\/www.rentila.com\\\/blog\\\/author\\\/admin\\\/\"}]}<\/script>\n<!-- \/ Yoast SEO plugin. -->","yoast_head_json":{"title":"Prendre un cabinet comptable pour une location en meubl\u00e9\u2009?","description":"Dois-je prendre un cabinet comptable pour une location en meubl\u00e9\u2009? - Rentila le blog immobilier et gestion locative","robots":{"index":"index","follow":"follow","max-snippet":"max-snippet:-1","max-image-preview":"max-image-preview:large","max-video-preview":"max-video-preview:-1"},"canonical":"https:\/\/www.rentila.com\/blog\/2024\/02\/dois-je-prendre-un-cabinet-comptable-pour-une-location-en-meuble\/","og_locale":"fr_FR","og_type":"article","og_title":"Prendre un cabinet comptable pour une location en meubl\u00e9\u2009?","og_description":"Dois-je prendre un cabinet comptable pour une location en meubl\u00e9\u2009? - Rentila le blog immobilier et gestion locative","og_url":"https:\/\/www.rentila.com\/blog\/2024\/02\/dois-je-prendre-un-cabinet-comptable-pour-une-location-en-meuble\/","og_site_name":"Rentila le blog immobilier et gestion locative","article_published_time":"2024-02-07T12:12:34+00:00","article_modified_time":"2024-02-10T11:05:27+00:00","og_image":[{"url":"https:\/\/www.rentila.com\/assets\/img\/blog\/tax_1400.png","type":"","width":"","height":""}],"author":"Rentila","twitter_card":"summary_large_image","twitter_misc":{"\u00c9crit par":"Rentila","Dur\u00e9e de lecture estim\u00e9e":"8 minutes"},"schema":{"@context":"https:\/\/schema.org","@graph":[{"@type":"Article","@id":"https:\/\/www.rentila.com\/blog\/2024\/02\/dois-je-prendre-un-cabinet-comptable-pour-une-location-en-meuble\/#article","isPartOf":{"@id":"https:\/\/www.rentila.com\/blog\/2024\/02\/dois-je-prendre-un-cabinet-comptable-pour-une-location-en-meuble\/"},"author":{"name":"Rentila","@id":"https:\/\/www.rentila.com\/blog\/#\/schema\/person\/77609e80c041021ec588518135d63c59"},"headline":"Dois-je prendre un cabinet comptable pour une location en meubl\u00e9\u2009?","datePublished":"2024-02-07T12:12:34+00:00","dateModified":"2024-02-10T11:05:27+00:00","mainEntityOfPage":{"@id":"https:\/\/www.rentila.com\/blog\/2024\/02\/dois-je-prendre-un-cabinet-comptable-pour-une-location-en-meuble\/"},"wordCount":1682,"publisher":{"@id":"https:\/\/www.rentila.com\/blog\/#organization"},"image":{"@id":"https:\/\/www.rentila.com\/blog\/2024\/02\/dois-je-prendre-un-cabinet-comptable-pour-une-location-en-meuble\/#primaryimage"},"thumbnailUrl":"https:\/\/www.rentila.com\/assets\/img\/blog\/blog_accounting.png","keywords":["comptabilit\u00e9","Location meubl\u00e9e"],"articleSection":["Conseils"],"inLanguage":"fr-FR"},{"@type":"WebPage","@id":"https:\/\/www.rentila.com\/blog\/2024\/02\/dois-je-prendre-un-cabinet-comptable-pour-une-location-en-meuble\/","url":"https:\/\/www.rentila.com\/blog\/2024\/02\/dois-je-prendre-un-cabinet-comptable-pour-une-location-en-meuble\/","name":"Prendre un cabinet comptable pour une location en meubl\u00e9\u2009?","isPartOf":{"@id":"https:\/\/www.rentila.com\/blog\/#website"},"primaryImageOfPage":{"@id":"https:\/\/www.rentila.com\/blog\/2024\/02\/dois-je-prendre-un-cabinet-comptable-pour-une-location-en-meuble\/#primaryimage"},"image":{"@id":"https:\/\/www.rentila.com\/blog\/2024\/02\/dois-je-prendre-un-cabinet-comptable-pour-une-location-en-meuble\/#primaryimage"},"thumbnailUrl":"https:\/\/www.rentila.com\/assets\/img\/blog\/blog_accounting.png","datePublished":"2024-02-07T12:12:34+00:00","dateModified":"2024-02-10T11:05:27+00:00","description":"Dois-je prendre un cabinet comptable pour une location en meubl\u00e9\u2009? - Rentila le blog immobilier et gestion locative","breadcrumb":{"@id":"https:\/\/www.rentila.com\/blog\/2024\/02\/dois-je-prendre-un-cabinet-comptable-pour-une-location-en-meuble\/#breadcrumb"},"inLanguage":"fr-FR","potentialAction":[{"@type":"ReadAction","target":["https:\/\/www.rentila.com\/blog\/2024\/02\/dois-je-prendre-un-cabinet-comptable-pour-une-location-en-meuble\/"]}]},{"@type":"ImageObject","inLanguage":"fr-FR","@id":"https:\/\/www.rentila.com\/blog\/2024\/02\/dois-je-prendre-un-cabinet-comptable-pour-une-location-en-meuble\/#primaryimage","url":"https:\/\/www.rentila.com\/assets\/img\/blog\/blog_accounting.png","contentUrl":"https:\/\/www.rentila.com\/assets\/img\/blog\/blog_accounting.png"},{"@type":"BreadcrumbList","@id":"https:\/\/www.rentila.com\/blog\/2024\/02\/dois-je-prendre-un-cabinet-comptable-pour-une-location-en-meuble\/#breadcrumb","itemListElement":[{"@type":"ListItem","position":1,"name":"Accueil","item":"https:\/\/www.rentila.com\/blog\/"},{"@type":"ListItem","position":2,"name":"Dois-je prendre un cabinet comptable pour une location en meubl\u00e9\u2009?"}]},{"@type":"WebSite","@id":"https:\/\/www.rentila.com\/blog\/#website","url":"https:\/\/www.rentila.com\/blog\/","name":"Rentila le blog immobilier et gestion locative","description":"Conseils pratiques, actualit\u00e9 immobili\u00e8re","publisher":{"@id":"https:\/\/www.rentila.com\/blog\/#organization"},"potentialAction":[{"@type":"SearchAction","target":{"@type":"EntryPoint","urlTemplate":"https:\/\/www.rentila.com\/blog\/?s={search_term_string}"},"query-input":{"@type":"PropertyValueSpecification","valueRequired":true,"valueName":"search_term_string"}}],"inLanguage":"fr-FR"},{"@type":"Organization","@id":"https:\/\/www.rentila.com\/blog\/#organization","name":"Rentila le blog immobilier et gestion locative","url":"https:\/\/www.rentila.com\/blog\/","logo":{"@type":"ImageObject","inLanguage":"fr-FR","@id":"https:\/\/www.rentila.com\/blog\/#\/schema\/logo\/image\/","url":"https:\/\/www.rentila.com\/blog\/wp-content\/uploads\/2015\/08\/logo_house_256px.png","contentUrl":"https:\/\/www.rentila.com\/blog\/wp-content\/uploads\/2015\/08\/logo_house_256px.png","width":256,"height":256,"caption":"Rentila le blog immobilier et gestion locative"},"image":{"@id":"https:\/\/www.rentila.com\/blog\/#\/schema\/logo\/image\/"}},{"@type":"Person","@id":"https:\/\/www.rentila.com\/blog\/#\/schema\/person\/77609e80c041021ec588518135d63c59","name":"Rentila","url":"https:\/\/www.rentila.com\/blog\/author\/admin\/"}]}},"_links":{"self":[{"href":"https:\/\/www.rentila.com\/blog\/wp-json\/wp\/v2\/posts\/16661","targetHints":{"allow":["GET"]}}],"collection":[{"href":"https:\/\/www.rentila.com\/blog\/wp-json\/wp\/v2\/posts"}],"about":[{"href":"https:\/\/www.rentila.com\/blog\/wp-json\/wp\/v2\/types\/post"}],"author":[{"embeddable":true,"href":"https:\/\/www.rentila.com\/blog\/wp-json\/wp\/v2\/users\/1"}],"replies":[{"embeddable":true,"href":"https:\/\/www.rentila.com\/blog\/wp-json\/wp\/v2\/comments?post=16661"}],"version-history":[{"count":49,"href":"https:\/\/www.rentila.com\/blog\/wp-json\/wp\/v2\/posts\/16661\/revisions"}],"predecessor-version":[{"id":16963,"href":"https:\/\/www.rentila.com\/blog\/wp-json\/wp\/v2\/posts\/16661\/revisions\/16963"}],"wp:attachment":[{"href":"https:\/\/www.rentila.com\/blog\/wp-json\/wp\/v2\/media?parent=16661"}],"wp:term":[{"taxonomy":"category","embeddable":true,"href":"https:\/\/www.rentila.com\/blog\/wp-json\/wp\/v2\/categories?post=16661"},{"taxonomy":"post_tag","embeddable":true,"href":"https:\/\/www.rentila.com\/blog\/wp-json\/wp\/v2\/tags?post=16661"}],"curies":[{"name":"wp","href":"https:\/\/api.w.org\/{rel}","templated":true}]}}