{"id":1773,"date":"2015-08-22T15:57:36","date_gmt":"2015-08-22T13:57:36","guid":{"rendered":"http:\/\/blog.rentila.com\/?p=1773"},"modified":"2023-12-27T16:32:18","modified_gmt":"2023-12-27T14:32:18","slug":"fixer-le-montant-du-loyer","status":"publish","type":"post","link":"https:\/\/www.rentila.com\/blog\/2015\/08\/fixer-le-montant-du-loyer\/","title":{"rendered":"Comment fixer le bon montant du loyer ?"},"content":{"rendered":"<div><img decoding=\"async\" class=\"alignleft size-full wp-image-516\" title=\"newspaper\" src=\"https:\/\/www.rentila.com\/assets\/img\/blog\/blog_advice_1.png\" alt=\"Comment fixer le montant du loyer ?\" width=\"100%\" height=\"\"\/><\/div>\n<div class=\"sommaire\">\n<div class=\"phase-content__flag phase-1\">Sommaire<\/div>\n<ol>\n<li><a href=\"https:\/\/www.rentila.com\/blog\/2015\/08\/fixer-le-montant-du-loyer\/#1\">Fixer le montant du loyer, une question strat\u00e9gique<\/a><\/li>\n<li><a href=\"https:\/\/www.rentila.com\/blog\/2015\/08\/fixer-le-montant-du-loyer\/#2\">Fixer le montant du loyer en zone tendue et en dehors<\/a><\/li>\n<li><a href=\"https:\/\/www.rentila.com\/blog\/2015\/08\/fixer-le-montant-du-loyer\/#3\">Fixer le bon montant du loyer, un choix critique<\/a><\/li>\n<\/ol>\n<\/div>\n<p class=\"lead\">L\u2019un des param\u00e8tres les plus important dans un investissement locatif est bien s\u00fbr ixer le bon montant du loyer. En th\u00e9orie, aucun achat d\u2019un bien locatif ne devrait se faire en ayant d\u00e9j\u00e0 une id\u00e9e pr\u00e9cise du loyer que l\u2019on pourra obtenir de son investissement. Fixer le montant du loyer, coupl\u00e9 aux autres chiffres (le montant de l\u2019achat, les mensualit\u00e9s du cr\u00e9dit, les charges de copropri\u00e9t\u00e9, etc\u2026) est un facteur clef dans le calcul du rendement locatif et de l\u2019autofinancement.<\/p>\n<p><!--more--><\/p>\n<hr \/>\n\n\n<figure class=\"wp-block-audio\"><audio controls src=\"https:\/\/www.rentila.com\/blog\/wp-content\/uploads\/2023\/01\/Comment-fixer-le-bon.m4a\"><\/audio><figcaption class=\"wp-element-caption\"><center>Ecouter l&rsquo;article : Comment fixer le bon montant du loyer ?<\/center><\/figcaption><\/figure>\n\n\n<hr \/>\n<p>Voici comment fixer le bon montant du loyer en g\u00e9n\u00e9ral :<\/p>\n<ol class=\"ol_styled\">\n<li>Faites une recherche et <strong>comparez votre bien aux biens similaires<\/strong><\/li>\n<li><strong>Calculez votre rendement<\/strong> souhait\u00e9<\/li>\n<li><strong>Respectez les limites<\/strong> l\u00e9gales<\/li>\n<li>Le meilleur loyer n\u2019est pas forc\u00e9ment le plus \u00e9lev\u00e9<\/li>\n<\/ol>\n<h2 id=\"1\">Fixer le montant du loyer, une question strat\u00e9gique<\/h2>\n<h3>Calculer le rendement attendu<\/h3>\n<p>Il est toujours int\u00e9ressant de commencer par estimer quel serait le loyer id\u00e9al, c&rsquo;est-\u00e0-dire celui qui permettrait de couvrir l\u2019ensemble des d\u00e9penses, les remboursement d\u2019emprunt, les charges, les imp\u00f4ts, etc\u2026 celui qui vous donnerait un investissement locatif parfaitement autofinanc\u00e9.<\/p>\n<p>D\u2019un c\u00f4t\u00e9 <b>un loyer \u00e9lev\u00e9 favorise donc le rendement de l\u2019investissement<\/b>, mais d\u2019un point de vue pratique un loyer plus faible facilite la location en augmentant le nombre de candidats locataires et r\u00e9duit leur rythme de rotation, ce qui peut aussi avoir un impact positif sur la rentabilit\u00e9 en limitant les risques de vacance locative.<\/p>\n<blockquote>\n<p>D\u00e9finir donc le bon niveau de loyer est un choix strat\u00e9gique important, pas si facile que cela \u00e0 faire. Le montant du loyer va d\u00e9terminer en partie comment on souhaite louer et g\u00e9rer son bien.<\/p>\n<\/blockquote>\n<h3>Louer vide : loyer plus faible<\/h3>\n<p>Par exemple, pour un appartement donn\u00e9, on peut d\u00e9cider de louer vide, sans valeur ajout\u00e9e, \u00e0 un loyer relativement faible.<\/p>\n<p>Dans ce cas de figure, on vise principalement une population qui pourrait s\u2019installer durablement dans le logement, en y installant son mobilier. <b>Le loyer mod\u00e9r\u00e9 ne poussera pas le locataire \u00e0 chercher activement \u00e0 d\u00e9m\u00e9nager pour all\u00e9ger son budget<\/b>. Ne pas revaloriser le loyer chaque ann\u00e9e peut aussi \u00eatre un geste b\u00e9n\u00e9fique pour fid\u00e9liser le locataire.<\/p>\n<p>La gestion locative de ce type de location demandera un effort minimum, avec peu de changement de locataire. Les recettes, bien que d\u2019un niveau mod\u00e9r\u00e9 par mois, seront stables et r\u00e9guli\u00e8res, avec un minimum de mois vacants.<\/p>\n<h3>Louer en meubl\u00e9 pour un loyer sup\u00e9rieur<\/h3>\n<p>Mais le m\u00eame appartement pourrait \u00eatre lou\u00e9 meubl\u00e9, en version haut de gamme, pour un loyer sup\u00e9rieur. La demande locative sera diff\u00e9rente, et il s\u2019agira probablement de personnes ne restant que sur une courte dur\u00e9e, inf\u00e9rieure \u00e0 1 an. La gestion locative sera donc plus lourde, avec toujours un risque de vacance locative entre 2 locataires.<\/p>\n<p>Il y a donc d\u00e9j\u00e0 des choix strat\u00e9giques sur comment positionner son bien locatif et fixer le bon montant du loyer.<\/p>\n<h3>Bien estimer le 1er loyer<\/h3>\n<p>Si le bien a d\u00e9j\u00e0 \u00e9t\u00e9 occup\u00e9 auparavant par d\u2019autres locataires, <b>le loyer demand\u00e9 par l\u2019ancien propri\u00e9taire par exemple, est une bonne base de d\u00e9part<\/b>.<\/p>\n<p>Mais peut-\u00eatre avez-vous fait \u00e9voluer le logement entre temps ? notamment par des travaux de r\u00e9novation. Il faudra le prendre en compte, un appartement r\u00e9nov\u00e9, dans un \u00e9tat neuf, attirera davantage les locataires, qui seront pr\u00eat \u00e0 faire un petit effort financier suppl\u00e9mentaire pour vivre dans un endroit propre et sain.<\/p>\n<div class=\"alert alert-success m-b-20\">\n<h3 class=\"lead\">La c\u00f4te des loyers<\/h3>\n<p>Regardez aussi <b>les diff\u00e9rentes c\u00f4tes des loyers disponibles en ligne<\/b>. Vous avez notamment un <a href=\"https:\/\/www.seloger.com\/prix-de-l-immo\/location\/pays\/france.htm\" target=\"_blank\" rel=\"noopener norefferer noreferrer\">outil sur le site Seloger<\/a>.<\/p>\n<\/div>\n<p>Puis il faut \u00e9tudier la concurrence : pour un m\u00eame type de bien, dans la m\u00eame ville, <b>regardez les petites annonces et \u00e9valuer votre bien en comparaison<\/b>. A t\u2019il plus ou moins d\u2019atouts ? ainsi vous pourrez d\u00e9finir par rapport aux autres loyers demand\u00e9s o\u00f9 votre logement se situe.<\/p>\n<p>Ensuite, c\u2019est un choix personnel, peut-\u00eatre est-il judicieux de <b>se positionner l\u00e9g\u00e8rement en dessous des autres loyers<\/b> pour attirer davantage de demande ?<\/p>\n<h3>Fixer le montant du loyer : un premier choix qui pourra \u00eatre revisit\u00e9<\/h3>\n<p>L\u2019autre fa\u00e7on d\u2019apprendre beaucoup sur le montant de loyer id\u00e9al et les cons\u00e9quences de ce choix, c\u2019est de tester !<\/p>\n<p>Passez une petite annonce avec un certain montant de loyer, et observez les r\u00e9actions. Submerg\u00e9 d\u2019appels ou au contraire aucun appel ? \u00e7a vous donnera une tr\u00e8s bonne id\u00e9e de l\u2019attractivit\u00e9 de votre bien locatif, et \u00e7a vous permettra de rectifier le tir. Pas forc\u00e9ment pour ce bail, mais au moins pour le suivant.<\/p>\n<div class=\"alert alert-info m-b-20\">\n<h3 class=\"lead\">La r\u00e9vision du loyer<\/h3>\n<p>Une fois le bail sign\u00e9, il ne sera possible de r\u00e9\u00e9valuer le montant du loyer qu\u2019une seule fois par an, \u00e0 la date anniversaire du contrat, en se basant sur l\u2019indice de r\u00e9f\u00e9rence des loyers (IRL) \u00e9tabli par l\u2019INSEE. Une r\u00e9\u00e9valuation de l\u2019ordre de l\u2019inflation, pas forc\u00e9ment tr\u00e8s significative.<\/p>\n<p>Pour augmenter de mani\u00e8re plus importante son loyer, il faudra donc attendre la fin du bail ou un changement de locataire (si votre bien ne se trouve pas dans une zone tendue).<\/p>\n<p><a href=\"https:\/\/www.rentila.com\/blog\/2015\/09\/comment-calculer-la-revision-de-loyer\/\" target=\"_blank\" rel=\"noopener noreferrer\">Cliquez ici pour en savoir plus sur la r\u00e9vision du loyer<\/a>.<\/p>\n<\/div>\n<p>Peut-\u00eatre aussi que les demandes int\u00e9ress\u00e9es seront tr\u00e8s nombreuses mais qu\u2019au final, apr\u00e8s visite, il ne restera que peu de candidat. Certains d\u00e9fauts comme l\u2019environnement, ne ressortent pas g\u00e9n\u00e9ralement dans les annonces, on le d\u00e9couvre sur place.<\/p>\n<p>Il faudra donc aussi ajuster le loyer en cons\u00e9quence.<\/p>\n<p>Enfin un aspect un peu plus pratique relatif \u00e0 la mise en location sur Internet : de nombreux personnes en qu\u00eate d\u2019une bien en location font leur recherche sur Internet, en programmant des alertes pour d\u00e9tecter les nouvelles annonces en ligne avec leurs crit\u00e8res. Il convient donc de fixer un montant de loyer qui a davantage de chance d\u2019\u00eatre inclu dans les crit\u00e8res, par exemple, plut\u00f4t 495\u20ac que 505\u20ac, la borne haute fix\u00e9e \u00e9tant en g\u00e9n\u00e9ral un chiffre rond du type 500\u20ac. Il serait dommage de limiter sa visibilit\u00e9 pour quelques euros de trop.<\/p>\n<h2 id=\"2\">Fixer le montant du loyer en zone tendue et en dehors<\/h2>\n<p>Depuis la loi Alur, le loyer des logements vides et meubl\u00e9s est, sauf exception, <b>encadr\u00e9 dans 28 agglom\u00e9rations<\/b>. Cette mesure, concerne tant les nouvelles locations que les renouvellements de bail.<\/p>\n<p>L&rsquo;encadrement des loyers ne concerne que les logements situ\u00e9es dans l&rsquo;une des 28 agglom\u00e9rations list\u00e9es dans le <a href=\"http:\/\/www.legifrance.gouv.fr\/jopdf\/common\/jo_pdf.jsp?numJO=0&amp;dateJO=20120721&amp;numTexte=8&amp;pageDebut=11956&amp;pageFin=11974\" target=\"_blank\" rel=\"noopener noreferrer\">d\u00e9cret n\u00b0 2012-894 du 20 juillet 2012<\/a>.<\/p>\n<div class=\"alert alert-warning m-b-20\"><span class=\"lead\">Attention !<\/span>\n<p>Attention \u00e0 bien respecter l&rsquo;encadrement des loyers.<\/p>\n<p>Il y a quelques mois, un propri\u00e9taire de Lille a d\u00fb payer une amende de neuf mille euros pour avoir mis en location un appartement avec un loyer sup\u00e9rieur de quelques centaines d&rsquo;euros au plafond autoris\u00e9 dans sa ville. \u00c0 Paris, la <a href=\"https:\/\/teleservices.paris.fr\/encadrementdesloyers\/\" target=\"_blank\" rel=\"noopener\">plateforme cr\u00e9\u00e9e par la Mairie<\/a> pour les signalements de locataires conna\u00eet \u00e9galement une multiplication des signalements.<\/p>\n<p>En f\u00e9vrier, 18 bailleurs ont \u00e9t\u00e9 mis en demeure pour des loyers non conformes, entra\u00eenant un remboursement de 43 000 \u20ac de trop-per\u00e7u aux locataires l\u00e9s\u00e9s.<\/p>\n<p>Le locataire a trois ans \u00e0 compter de la signature du contrat de location pour signaler un d\u00e9passement de loyer.<\/p>\n<\/div>\n<h3>En zone Tendue<\/h3>\n<p>Le propri\u00e9taire reste libre de fixer le loyer lorsque le logement est lou\u00e9 pour la premi\u00e8re fois. En revanche, le loyer est encadr\u00e9 \u00e0 la relocation. Il existe quelques exceptions:<\/p>\n<ul>\n<li>s&rsquo;il a effectu\u00e9 des travaux d&rsquo;am\u00e9lioration dans le logement,<\/li>\n<li>si le loyer du locataire pr\u00e9c\u00e9dent \u00e9tait sous-\u00e9valu\u00e9.<\/li>\n<\/ul>\n<p>Dans ces deux derniers cas vous pouvez augmenter le loyer au-del\u00e0 de la valeur pay\u00e9 par le dernier locataire.<\/p>\n<h3>Fixer le montant du loyer \u00e0 Paris, Lille, Plaine Commune, Lyon, Villeurbanne, Est Ensemble, Montpellier et Bordeaux<\/h3>\n<p><b>Pour les logements \u00e0 Paris, Lille, Plaine Commune, Lyon, Villeurbanne, Est Ensemble, Montpellier et Bordeaux<\/b>, le plafonnement du loyer, se combine avec l\u2019encadrement qui impose de fixer le loyer dans la limite d\u2019un loyer de r\u00e9f\u00e9rence major\u00e9.<\/p>\n<p>Le loyer mensuel est calcul\u00e9 en multipliant le nombre de m\u00e8tres carr\u00e9s habitables du logement par le montant de r\u00e9f\u00e9rence major\u00e9 indiqu\u00e9 pour 1 m\u00b2\/mois.<\/p>\n<div class=\"alert alert-warning m-b-20\"><span class=\"lead\">Important !<\/span>\n<p>Aujourd&rsquo;hui, l&rsquo;encadrement des loyers s&rsquo;applique \u00e0 :<\/p>\n<ul>\n<li>Paris depuis le 1er juillet 2019 ;<\/li>\n<li>Lille depuis le 1er mars 2020 ;<\/li>\n<li>Plaine Commune depuis le 1er juin 2021 ;<\/li>\n<li>Lyon et Villeurbanne depuis le 1er novembre 2021 ;<\/li>\n<li>Est Ensemble depuis le 1er d\u00e9cembre 2021 ;<\/li>\n<li>Montpellier depuis le 1er juillet 2022 ;<\/li>\n<li>Bordeaux depuis le 15 juillet 2022.<\/li>\n<\/ul>\n<p>Paris : l&rsquo;encadrement des loyers concerne uniquement les contrats de location sign\u00e9s depuis le 1er ao\u00fbt 2015.<\/p>\n<p>Lille :\u00a0 l&rsquo;encadrement concerne les contrats de location sign\u00e9s depuis le 1er f\u00e9vrier 2017.<\/p>\n<p>Plaine Commune :\u00a0 l&rsquo;encadrement concerne les contrats de location sign\u00e9s depuis le 1er juin 2021.<\/p>\n<p>Lyon et Villeurbanne :\u00a0 l&rsquo;encadrement concerne les contrats de location sign\u00e9s depuis le 1er novembre 2021.<\/p>\n<p>Est Ensemble :\u00a0 l&rsquo;encadrement concerne les contrats de location sign\u00e9s depuis le 1er d\u00e9cembre 2021.<\/p>\n<p>Montpellier :\u00a0 l&rsquo;encadrement concerne les contrats de location sign\u00e9s depuis le 1er juillet 2022.<\/p>\n<p>Bordeaux :\u00a0 l&rsquo;encadrement concerne les contrats de location sign\u00e9s depuis le 15 juillet 2022.<\/p>\n<p>Ce dispositif ne s&rsquo;applique pas aux baux sign\u00e9s avant ces dates, ni \u00e0 ceux qui ont \u00e9t\u00e9 reconduits par tacite reconduction.<\/p>\n<\/div>\n<p><b>Un compl\u00e9ment de loyer exceptionnel<\/b> peut se rajouter au loyer si le logement comporte des caract\u00e9ristiques de confort ou de localisation \u00ab\u00a0exceptionnels\u00a0\u00bb (une tr\u00e8s belle vue, un jardin, un balcon, un ameublement haut de gamme&#8230;). Il n&rsquo;existe aucune liste l\u00e9gale des caract\u00e9ristiques qui peuvent justifier un compl\u00e9ment de loyer. Ce compl\u00e9ment doit \u00eatre justifi\u00e9 et indiqu\u00e9 dans le contrat de bail et le bailleur doit pr\u00e9ciser le montant ainsi que les caract\u00e9ristiques du logement qui en justifient.<\/p>\n<div class=\"alert alert-info m-b-20\">\n<h3 class=\"lead\">Les loyers de r\u00e9f\u00e9rence<\/h3>\n<p>A Paris, vous pouvez consulter l&rsquo;Observatoire des loyers de l&rsquo;agglom\u00e9ration parisienne :<br \/><a href=\"http:\/\/www.observatoire-des-loyers.fr\" target=\"_blank\" rel=\"noopener noreferrer\">www.observatoire-des-loyers.fr<\/a><\/p>\n<p>Encadrement\u00a0des\u00a0loyers\u00a0\u00e0 Paris : consultez la <a href=\"http:\/\/www.referenceloyer.drihl.ile-de-france.developpement-durable.gouv.fr\/\" target=\"_blank\" rel=\"noopener noreferrer\">carte interactive des\u00a0loyers de r\u00e9f\u00e9rence<\/a>.<\/p>\n<\/div>\n<h3>En dehors de la zone tendue<\/h3>\n<p>Seuls les bailleurs dont le logement se trouve <b>en dehors de ces 28 agglom\u00e9rations<\/b> peuvent fixer librement leur loyer, aussi bien s&rsquo;il met en location pour la premi\u00e8re fois, qu&rsquo;en cas de relocation.<\/p>\n<h2 id=\"3\">Fixer le bon montant du loyer, un choix critique<\/h2>\n<p>Un loyer plus faible facilite la location en augmentant le nombre de candidats locataires et r\u00e9duit le risque de vacance locative.<\/p>\n<p>Mais \u00e9videmment, loyer plus faible signifie rentabilit\u00e9 plus faible pour votre investissement et surtout davantage d\u2019argent \u00e0 mettre de votre poche tous les mois pour financer le bien.<\/p>\n<p>Au final, ce qui est critique pour un investissement locatif, c\u2019est de louer ! Louer de la fa\u00e7on la plus continue possible, sans interruption. Ce sont les vacances locatives qui p\u00e9nalisent en premier lieu la rentabilit\u00e9 locative.<\/p>\n<p>Et pour cela d\u00e9finir le bon montant de loyer est critique. Il n\u2019y a pas de r\u00e8gle g\u00e9n\u00e9rale. Il faut analyser son march\u00e9 et tester, pour identifier la meilleure formule, le mode de location le plus adapt\u00e9 \u00e0 votre bien et votre profil de bailleur et le loyer associ\u00e9 optimum.<\/p>\n<h2>Fixer le montant du loyer : les points importants \u00e0 retenir<\/h2>\n<ul>\n<li>\n<p><strong>Recherche et comparaison<\/strong> : Il est crucial de faire des recherches et de comparer votre bien avec des biens similaires pour d\u00e9terminer un loyer comp\u00e9titif. Cela implique de prendre en compte les caract\u00e9ristiques de votre bien par rapport \u00e0 d&rsquo;autres dans le m\u00eame secteur.<\/p>\n<\/li>\n<li>\n<p><strong>Calcul du rendement et strat\u00e9gie de location<\/strong> : Le montant du loyer doit \u00eatre calcul\u00e9 pour atteindre le rendement souhait\u00e9, tout en respectant les limites l\u00e9gales. Il faut \u00e9galement d\u00e9cider si le bien sera lou\u00e9 vide ou meubl\u00e9, car cela impacte directement le niveau de loyer que vous pouvez fixer.<\/p>\n<\/li>\n<li>\n<p><strong>Le montant du loyer et la vacance locative<\/strong> : Un loyer \u00e9lev\u00e9 peut augmenter le rendement, mais un loyer plus mod\u00e9r\u00e9 peut r\u00e9duire le taux de rotation des locataires et donc les risques de vacance locative, ce qui est \u00e9galement crucial pour la rentabilit\u00e9.<\/p>\n<\/li>\n<li>\n<p><strong>Estimation et ajustement du loyer<\/strong> : Si le bien a \u00e9t\u00e9 r\u00e9cemment r\u00e9nov\u00e9 ou am\u00e9lior\u00e9, il peut justifier un loyer plus \u00e9lev\u00e9. De plus, tester le march\u00e9 avec une annonce peut aider \u00e0 ajuster le loyer en fonction de la demande et de l&rsquo;attractivit\u00e9 du bien.<\/p>\n<\/li>\n<li>\n<p><strong>Conformit\u00e9 avec la l\u00e9gislation et encadrement des loyers<\/strong> : En zone tendue, il est essentiel de se conformer aux r\u00e9glementations en mati\u00e8re d&rsquo;encadrement des loyers pour \u00e9viter des amendes ou des sanctions. De plus, l&rsquo;article souligne l&rsquo;importance d&rsquo;ajuster le loyer en fonction de l&rsquo;\u00e9volution du march\u00e9 et des caract\u00e9ristiques exceptionnelles du logement.<\/p>\n<\/li>\n<\/ul>\n<p><\/p>","protected":false},"excerpt":{"rendered":"<p>Sommaire Fixer le montant du loyer, une question strat\u00e9gique Fixer le montant du loyer en zone tendue et en dehors Fixer le bon montant du loyer, un choix critique L\u2019un des param\u00e8tres les plus important dans un investissement locatif est bien s\u00fbr ixer le bon montant du loyer. En th\u00e9orie, aucun achat d\u2019un bien locatif [&hellip;]<\/p>\n","protected":false},"author":1,"featured_media":0,"comment_status":"closed","ping_status":"closed","sticky":false,"template":"","format":"standard","meta":{"footnotes":""},"categories":[123,172,1],"tags":[24],"class_list":["post-1773","post","type-post","status-publish","format-standard","hentry","category-conseils","category-bases","category-loyer-et-charges","tag-loyer"],"yoast_head":"<!-- This site is optimized with the Yoast SEO plugin v27.4 - https:\/\/yoast.com\/product\/yoast-seo-wordpress\/ -->\n<title>Comment fixer le montant du loyer pour une location ?<\/title>\n<meta name=\"description\" content=\"Comment fixer le montant du loyer ? L\u2019un des param\u00e8tres les plus important dans un investissement locatif est bien s\u00fbr le montant du loyer.\" \/>\n<meta name=\"robots\" content=\"index, follow, max-snippet:-1, max-image-preview:large, max-video-preview:-1\" \/>\n<link rel=\"canonical\" href=\"https:\/\/www.rentila.com\/blog\/2015\/08\/fixer-le-montant-du-loyer\/\" \/>\n<meta property=\"og:locale\" content=\"fr_FR\" \/>\n<meta property=\"og:type\" content=\"article\" \/>\n<meta property=\"og:title\" content=\"Fixer le montant du loyer\" \/>\n<meta property=\"og:description\" content=\"L\u2019un des param\u00e8tres les plus important dans un investissement locatif est bien s\u00fbr le montant du loyer. En th\u00e9orie, aucun achat d\u2019un bien locatif ne devrait se faire en ayant d\u00e9j\u00e0 une id\u00e9e pr\u00e9cise du loyer que l\u2019on pourra obtenir de son investissement. Fixer le montant du loyer, coupl\u00e9 aux autres chiffres (le montant de l\u2019achat, les mensualit\u00e9s du cr\u00e9dit, les charges de copropri\u00e9t\u00e9, etc\u2026) est un facteur clef dans le calcul du rendement locatif et de l\u2019autofinancement.\" \/>\n<meta property=\"og:url\" content=\"https:\/\/www.rentila.com\/blog\/2015\/08\/fixer-le-montant-du-loyer\/\" \/>\n<meta property=\"og:site_name\" content=\"Rentila le blog immobilier et gestion locative\" \/>\n<meta property=\"article:published_time\" content=\"2015-08-22T13:57:36+00:00\" \/>\n<meta property=\"article:modified_time\" content=\"2023-12-27T14:32:18+00:00\" \/>\n<meta property=\"og:image\" content=\"https:\/\/www.rentila.com\/assets\/img\/blog\/stats_1400.png\" \/>\n<meta name=\"author\" content=\"Rentila\" \/>\n<meta name=\"twitter:card\" content=\"summary_large_image\" \/>\n<meta name=\"twitter:label1\" content=\"\u00c9crit par\" \/>\n\t<meta name=\"twitter:data1\" content=\"Rentila\" \/>\n\t<meta name=\"twitter:label2\" content=\"Dur\u00e9e de lecture estim\u00e9e\" \/>\n\t<meta name=\"twitter:data2\" content=\"11 minutes\" \/>\n<script type=\"application\/ld+json\" class=\"yoast-schema-graph\">{\"@context\":\"https:\\\/\\\/schema.org\",\"@graph\":[{\"@type\":\"Article\",\"@id\":\"https:\\\/\\\/www.rentila.com\\\/blog\\\/2015\\\/08\\\/fixer-le-montant-du-loyer\\\/#article\",\"isPartOf\":{\"@id\":\"https:\\\/\\\/www.rentila.com\\\/blog\\\/2015\\\/08\\\/fixer-le-montant-du-loyer\\\/\"},\"author\":{\"name\":\"Rentila\",\"@id\":\"https:\\\/\\\/www.rentila.com\\\/blog\\\/#\\\/schema\\\/person\\\/77609e80c041021ec588518135d63c59\"},\"headline\":\"Comment fixer le bon montant du loyer ?\",\"datePublished\":\"2015-08-22T13:57:36+00:00\",\"dateModified\":\"2023-12-27T14:32:18+00:00\",\"mainEntityOfPage\":{\"@id\":\"https:\\\/\\\/www.rentila.com\\\/blog\\\/2015\\\/08\\\/fixer-le-montant-du-loyer\\\/\"},\"wordCount\":2190,\"publisher\":{\"@id\":\"https:\\\/\\\/www.rentila.com\\\/blog\\\/#organization\"},\"image\":{\"@id\":\"https:\\\/\\\/www.rentila.com\\\/blog\\\/2015\\\/08\\\/fixer-le-montant-du-loyer\\\/#primaryimage\"},\"thumbnailUrl\":\"https:\\\/\\\/www.rentila.com\\\/assets\\\/img\\\/blog\\\/blog_advice_1.png\",\"keywords\":[\"Loyer\"],\"articleSection\":[\"Conseils\",\"Les bases\",\"Loyer et charges\"],\"inLanguage\":\"fr-FR\"},{\"@type\":\"WebPage\",\"@id\":\"https:\\\/\\\/www.rentila.com\\\/blog\\\/2015\\\/08\\\/fixer-le-montant-du-loyer\\\/\",\"url\":\"https:\\\/\\\/www.rentila.com\\\/blog\\\/2015\\\/08\\\/fixer-le-montant-du-loyer\\\/\",\"name\":\"Comment fixer le montant du loyer pour une location ?\",\"isPartOf\":{\"@id\":\"https:\\\/\\\/www.rentila.com\\\/blog\\\/#website\"},\"primaryImageOfPage\":{\"@id\":\"https:\\\/\\\/www.rentila.com\\\/blog\\\/2015\\\/08\\\/fixer-le-montant-du-loyer\\\/#primaryimage\"},\"image\":{\"@id\":\"https:\\\/\\\/www.rentila.com\\\/blog\\\/2015\\\/08\\\/fixer-le-montant-du-loyer\\\/#primaryimage\"},\"thumbnailUrl\":\"https:\\\/\\\/www.rentila.com\\\/assets\\\/img\\\/blog\\\/blog_advice_1.png\",\"datePublished\":\"2015-08-22T13:57:36+00:00\",\"dateModified\":\"2023-12-27T14:32:18+00:00\",\"description\":\"Comment fixer le montant du loyer ? L\u2019un des param\u00e8tres les plus important dans un investissement locatif est bien s\u00fbr le montant du loyer.\",\"breadcrumb\":{\"@id\":\"https:\\\/\\\/www.rentila.com\\\/blog\\\/2015\\\/08\\\/fixer-le-montant-du-loyer\\\/#breadcrumb\"},\"inLanguage\":\"fr-FR\",\"potentialAction\":[{\"@type\":\"ReadAction\",\"target\":[\"https:\\\/\\\/www.rentila.com\\\/blog\\\/2015\\\/08\\\/fixer-le-montant-du-loyer\\\/\"]}]},{\"@type\":\"ImageObject\",\"inLanguage\":\"fr-FR\",\"@id\":\"https:\\\/\\\/www.rentila.com\\\/blog\\\/2015\\\/08\\\/fixer-le-montant-du-loyer\\\/#primaryimage\",\"url\":\"https:\\\/\\\/www.rentila.com\\\/assets\\\/img\\\/blog\\\/blog_advice_1.png\",\"contentUrl\":\"https:\\\/\\\/www.rentila.com\\\/assets\\\/img\\\/blog\\\/blog_advice_1.png\"},{\"@type\":\"BreadcrumbList\",\"@id\":\"https:\\\/\\\/www.rentila.com\\\/blog\\\/2015\\\/08\\\/fixer-le-montant-du-loyer\\\/#breadcrumb\",\"itemListElement\":[{\"@type\":\"ListItem\",\"position\":1,\"name\":\"Accueil\",\"item\":\"https:\\\/\\\/www.rentila.com\\\/blog\\\/\"},{\"@type\":\"ListItem\",\"position\":2,\"name\":\"Comment fixer le bon montant du loyer ?\"}]},{\"@type\":\"WebSite\",\"@id\":\"https:\\\/\\\/www.rentila.com\\\/blog\\\/#website\",\"url\":\"https:\\\/\\\/www.rentila.com\\\/blog\\\/\",\"name\":\"Rentila le blog immobilier et gestion locative\",\"description\":\"Conseils pratiques, actualit\u00e9 immobili\u00e8re\",\"publisher\":{\"@id\":\"https:\\\/\\\/www.rentila.com\\\/blog\\\/#organization\"},\"potentialAction\":[{\"@type\":\"SearchAction\",\"target\":{\"@type\":\"EntryPoint\",\"urlTemplate\":\"https:\\\/\\\/www.rentila.com\\\/blog\\\/?s={search_term_string}\"},\"query-input\":{\"@type\":\"PropertyValueSpecification\",\"valueRequired\":true,\"valueName\":\"search_term_string\"}}],\"inLanguage\":\"fr-FR\"},{\"@type\":\"Organization\",\"@id\":\"https:\\\/\\\/www.rentila.com\\\/blog\\\/#organization\",\"name\":\"Rentila le blog immobilier et gestion locative\",\"url\":\"https:\\\/\\\/www.rentila.com\\\/blog\\\/\",\"logo\":{\"@type\":\"ImageObject\",\"inLanguage\":\"fr-FR\",\"@id\":\"https:\\\/\\\/www.rentila.com\\\/blog\\\/#\\\/schema\\\/logo\\\/image\\\/\",\"url\":\"https:\\\/\\\/www.rentila.com\\\/blog\\\/wp-content\\\/uploads\\\/2015\\\/08\\\/logo_house_256px.png\",\"contentUrl\":\"https:\\\/\\\/www.rentila.com\\\/blog\\\/wp-content\\\/uploads\\\/2015\\\/08\\\/logo_house_256px.png\",\"width\":256,\"height\":256,\"caption\":\"Rentila le blog immobilier et gestion locative\"},\"image\":{\"@id\":\"https:\\\/\\\/www.rentila.com\\\/blog\\\/#\\\/schema\\\/logo\\\/image\\\/\"}},{\"@type\":\"Person\",\"@id\":\"https:\\\/\\\/www.rentila.com\\\/blog\\\/#\\\/schema\\\/person\\\/77609e80c041021ec588518135d63c59\",\"name\":\"Rentila\",\"url\":\"https:\\\/\\\/www.rentila.com\\\/blog\\\/author\\\/admin\\\/\"}]}<\/script>\n<!-- \/ Yoast SEO plugin. -->","yoast_head_json":{"title":"Comment fixer le montant du loyer pour une location ?","description":"Comment fixer le montant du loyer ? L\u2019un des param\u00e8tres les plus important dans un investissement locatif est bien s\u00fbr le montant du loyer.","robots":{"index":"index","follow":"follow","max-snippet":"max-snippet:-1","max-image-preview":"max-image-preview:large","max-video-preview":"max-video-preview:-1"},"canonical":"https:\/\/www.rentila.com\/blog\/2015\/08\/fixer-le-montant-du-loyer\/","og_locale":"fr_FR","og_type":"article","og_title":"Fixer le montant du loyer","og_description":"L\u2019un des param\u00e8tres les plus important dans un investissement locatif est bien s\u00fbr le montant du loyer. En th\u00e9orie, aucun achat d\u2019un bien locatif ne devrait se faire en ayant d\u00e9j\u00e0 une id\u00e9e pr\u00e9cise du loyer que l\u2019on pourra obtenir de son investissement. Fixer le montant du loyer, coupl\u00e9 aux autres chiffres (le montant de l\u2019achat, les mensualit\u00e9s du cr\u00e9dit, les charges de copropri\u00e9t\u00e9, etc\u2026) est un facteur clef dans le calcul du rendement locatif et de l\u2019autofinancement.","og_url":"https:\/\/www.rentila.com\/blog\/2015\/08\/fixer-le-montant-du-loyer\/","og_site_name":"Rentila le blog immobilier et gestion locative","article_published_time":"2015-08-22T13:57:36+00:00","article_modified_time":"2023-12-27T14:32:18+00:00","og_image":[{"url":"https:\/\/www.rentila.com\/assets\/img\/blog\/stats_1400.png","type":"","width":"","height":""}],"author":"Rentila","twitter_card":"summary_large_image","twitter_misc":{"\u00c9crit par":"Rentila","Dur\u00e9e de lecture estim\u00e9e":"11 minutes"},"schema":{"@context":"https:\/\/schema.org","@graph":[{"@type":"Article","@id":"https:\/\/www.rentila.com\/blog\/2015\/08\/fixer-le-montant-du-loyer\/#article","isPartOf":{"@id":"https:\/\/www.rentila.com\/blog\/2015\/08\/fixer-le-montant-du-loyer\/"},"author":{"name":"Rentila","@id":"https:\/\/www.rentila.com\/blog\/#\/schema\/person\/77609e80c041021ec588518135d63c59"},"headline":"Comment fixer le bon montant du loyer ?","datePublished":"2015-08-22T13:57:36+00:00","dateModified":"2023-12-27T14:32:18+00:00","mainEntityOfPage":{"@id":"https:\/\/www.rentila.com\/blog\/2015\/08\/fixer-le-montant-du-loyer\/"},"wordCount":2190,"publisher":{"@id":"https:\/\/www.rentila.com\/blog\/#organization"},"image":{"@id":"https:\/\/www.rentila.com\/blog\/2015\/08\/fixer-le-montant-du-loyer\/#primaryimage"},"thumbnailUrl":"https:\/\/www.rentila.com\/assets\/img\/blog\/blog_advice_1.png","keywords":["Loyer"],"articleSection":["Conseils","Les bases","Loyer et charges"],"inLanguage":"fr-FR"},{"@type":"WebPage","@id":"https:\/\/www.rentila.com\/blog\/2015\/08\/fixer-le-montant-du-loyer\/","url":"https:\/\/www.rentila.com\/blog\/2015\/08\/fixer-le-montant-du-loyer\/","name":"Comment fixer le montant du loyer pour une location ?","isPartOf":{"@id":"https:\/\/www.rentila.com\/blog\/#website"},"primaryImageOfPage":{"@id":"https:\/\/www.rentila.com\/blog\/2015\/08\/fixer-le-montant-du-loyer\/#primaryimage"},"image":{"@id":"https:\/\/www.rentila.com\/blog\/2015\/08\/fixer-le-montant-du-loyer\/#primaryimage"},"thumbnailUrl":"https:\/\/www.rentila.com\/assets\/img\/blog\/blog_advice_1.png","datePublished":"2015-08-22T13:57:36+00:00","dateModified":"2023-12-27T14:32:18+00:00","description":"Comment fixer le montant du loyer ? L\u2019un des param\u00e8tres les plus important dans un investissement locatif est bien s\u00fbr le montant du loyer.","breadcrumb":{"@id":"https:\/\/www.rentila.com\/blog\/2015\/08\/fixer-le-montant-du-loyer\/#breadcrumb"},"inLanguage":"fr-FR","potentialAction":[{"@type":"ReadAction","target":["https:\/\/www.rentila.com\/blog\/2015\/08\/fixer-le-montant-du-loyer\/"]}]},{"@type":"ImageObject","inLanguage":"fr-FR","@id":"https:\/\/www.rentila.com\/blog\/2015\/08\/fixer-le-montant-du-loyer\/#primaryimage","url":"https:\/\/www.rentila.com\/assets\/img\/blog\/blog_advice_1.png","contentUrl":"https:\/\/www.rentila.com\/assets\/img\/blog\/blog_advice_1.png"},{"@type":"BreadcrumbList","@id":"https:\/\/www.rentila.com\/blog\/2015\/08\/fixer-le-montant-du-loyer\/#breadcrumb","itemListElement":[{"@type":"ListItem","position":1,"name":"Accueil","item":"https:\/\/www.rentila.com\/blog\/"},{"@type":"ListItem","position":2,"name":"Comment fixer le bon montant du loyer ?"}]},{"@type":"WebSite","@id":"https:\/\/www.rentila.com\/blog\/#website","url":"https:\/\/www.rentila.com\/blog\/","name":"Rentila le blog immobilier et gestion locative","description":"Conseils pratiques, actualit\u00e9 immobili\u00e8re","publisher":{"@id":"https:\/\/www.rentila.com\/blog\/#organization"},"potentialAction":[{"@type":"SearchAction","target":{"@type":"EntryPoint","urlTemplate":"https:\/\/www.rentila.com\/blog\/?s={search_term_string}"},"query-input":{"@type":"PropertyValueSpecification","valueRequired":true,"valueName":"search_term_string"}}],"inLanguage":"fr-FR"},{"@type":"Organization","@id":"https:\/\/www.rentila.com\/blog\/#organization","name":"Rentila le blog immobilier et gestion locative","url":"https:\/\/www.rentila.com\/blog\/","logo":{"@type":"ImageObject","inLanguage":"fr-FR","@id":"https:\/\/www.rentila.com\/blog\/#\/schema\/logo\/image\/","url":"https:\/\/www.rentila.com\/blog\/wp-content\/uploads\/2015\/08\/logo_house_256px.png","contentUrl":"https:\/\/www.rentila.com\/blog\/wp-content\/uploads\/2015\/08\/logo_house_256px.png","width":256,"height":256,"caption":"Rentila le blog immobilier et gestion locative"},"image":{"@id":"https:\/\/www.rentila.com\/blog\/#\/schema\/logo\/image\/"}},{"@type":"Person","@id":"https:\/\/www.rentila.com\/blog\/#\/schema\/person\/77609e80c041021ec588518135d63c59","name":"Rentila","url":"https:\/\/www.rentila.com\/blog\/author\/admin\/"}]}},"_links":{"self":[{"href":"https:\/\/www.rentila.com\/blog\/wp-json\/wp\/v2\/posts\/1773","targetHints":{"allow":["GET"]}}],"collection":[{"href":"https:\/\/www.rentila.com\/blog\/wp-json\/wp\/v2\/posts"}],"about":[{"href":"https:\/\/www.rentila.com\/blog\/wp-json\/wp\/v2\/types\/post"}],"author":[{"embeddable":true,"href":"https:\/\/www.rentila.com\/blog\/wp-json\/wp\/v2\/users\/1"}],"replies":[{"embeddable":true,"href":"https:\/\/www.rentila.com\/blog\/wp-json\/wp\/v2\/comments?post=1773"}],"version-history":[{"count":76,"href":"https:\/\/www.rentila.com\/blog\/wp-json\/wp\/v2\/posts\/1773\/revisions"}],"predecessor-version":[{"id":15953,"href":"https:\/\/www.rentila.com\/blog\/wp-json\/wp\/v2\/posts\/1773\/revisions\/15953"}],"wp:attachment":[{"href":"https:\/\/www.rentila.com\/blog\/wp-json\/wp\/v2\/media?parent=1773"}],"wp:term":[{"taxonomy":"category","embeddable":true,"href":"https:\/\/www.rentila.com\/blog\/wp-json\/wp\/v2\/categories?post=1773"},{"taxonomy":"post_tag","embeddable":true,"href":"https:\/\/www.rentila.com\/blog\/wp-json\/wp\/v2\/tags?post=1773"}],"curies":[{"name":"wp","href":"https:\/\/api.w.org\/{rel}","templated":true}]}}