{"id":20799,"date":"2026-05-03T13:12:58","date_gmt":"2026-05-03T11:12:58","guid":{"rendered":"https:\/\/www.rentila.com\/blog\/?p=20799"},"modified":"2026-05-03T13:12:58","modified_gmt":"2026-05-03T11:12:58","slug":"charges-locatives-reussir-une-regularisation-claire-juste-et-sans-conflit","status":"publish","type":"post","link":"https:\/\/www.rentila.com\/blog\/2026\/05\/charges-locatives-reussir-une-regularisation-claire-juste-et-sans-conflit\/","title":{"rendered":"Charges locatives : r\u00e9ussir une r\u00e9gularisation claire, juste et sans conflit"},"content":{"rendered":"<div><img decoding=\"async\" class=\"alignleft size-full wp-image-516\" title=\"newspaper\" src=\"https:\/\/www.rentila.com\/assets\/img\/blog\/blog_advice_2.png\" alt=\"Charges locatives : r\u00e9ussir une r\u00e9gularisation claire, juste et sans conflit\" width=\"100%\" height=\"\" \/><\/div>\n<p class=\"lead\">Pilier de la relation bailleur-locataire, la r\u00e9gularisation des charges d\u00e9passe le simple exercice comptable. Entre erreurs de calcul et d\u00e9lais tardifs, cette \u00e9tape est souvent source de conflits. Pourtant, avec de la m\u00e9thode et une communication transparente, cette obligation annuelle peut rester une simple formalit\u00e9.<\/p>\n<p class=\"lead\">Alors, comment r\u00e9ussir votre r\u00e9gularisation et pr\u00e9server la confiance de votre locataire\u2009? On vous r\u00e9pond.<\/p>\n<p><!--more--><\/p>\n<h2 id=\"1\">Pourquoi la r\u00e9gularisation des charges cr\u00e9e-t-elle souvent des tensions\u2009?<\/h2>\n<p>Le conflit na\u00eet rarement du montant en lui-m\u00eame, mais plut\u00f4t de la perception qu\u2019en a le locataire :<\/p>\n<p>\u2022\t<b>L\u2019effet de surprise :<\/b> le locataire ne conteste pas seulement une somme, il r\u00e9agit \u00e0 une d\u00e9pense impr\u00e9vue qui vient impacter son budget mensuel. Pour lui, le loyer \u00ab\u2009charges comprises\u2009\u00bb est souvent per\u00e7u comme un montant fixe et la r\u00e9gularisation vient briser cette certitude.<br \/>\n\u2022\t<b>Le manque de clart\u00e9 :<\/b> une demande de paiement sans d\u00e9tail transforme un acte de gestion normal en un sujet de suspicion. Sans p\u00e9dagogie, le locataire peut avoir l\u2019impression de payer pour une erreur d\u2019estimation du propri\u00e9taire ou pour des d\u00e9penses qui ne le concernent pas. La transparence est l\u2019antidote naturel au conflit.<\/p>\n<h2 id=\"2\">Les erreurs qui provoquent le plus de conflits avec le locataire<\/h2>\n<p>Certaines pratiques, bien que parfois involontaires, sont de v\u00e9ritables nids \u00e0 litiges qu\u2019il convient d\u2019\u00e9viter, comme :<\/p>\n<p>\u2022\t<b>Fixer une provision trop basse :<\/b> utiliser une provision sous-estim\u00e9e pour rendre le loyer plus attractif est une erreur de calcul risqu\u00e9e. Le r\u00e9veil est brutal lors de la r\u00e9gularisation, et le locataire peut se retourner contre vous pour manque d\u2019information. Il est donc pr\u00e9f\u00e9rable de bien <a href=\"https:\/\/www.rentila.com\/blog\/2017\/11\/fixer-provisions-charges\/\" target=\"_blank\" rel=\"noopener\">calculer le montant de la provision sur charges<\/a> d\u00e8s le d\u00e9but pour \u00e9viter les mauvaises surprises par la suite.<br \/>\n\u2022\t<b>Attendre trop longtemps pour r\u00e9gulariser les charges :<\/b> la loi permet de r\u00e9gulariser sur 3 ans, mais accumuler les arri\u00e9r\u00e9s rend la somme finale difficile \u00e0 absorber pour le locataire.<br \/>\n\u2022\t<b>Le manque de transparence :<\/b> envoyer seulement un montant \u00e0 payer par email, sans d\u00e9compte ni explication, est la m\u00e9thode la plus rapide pour g\u00e9n\u00e9rer un refus de paiement et un conflit. Un d\u00e9compte confus ou l\u2019absence de justificatifs fragilise imm\u00e9diatement la confiance.<\/p>\n<h2 id=\"3\">Comment pr\u00e9parer une r\u00e9gularisation de charges claire et cr\u00e9dible\u2009?<\/h2>\n<p>Avant m\u00eame de contacter votre locataire, vous devez s\u00e9curiser votre calcul sur des bases indiscutables.<br \/>\nCommencez par rassembler les justificatifs. En copropri\u00e9t\u00e9, le document de r\u00e9f\u00e9rence est l\u2019arr\u00eat\u00e9 des comptes annuel envoy\u00e9 par le syndic. C\u2019est ici que vous trouverez le d\u00e9tail des charges r\u00e9cup\u00e9rables (eau, \u00e9lectricit\u00e9 des communs, entretien de l\u2019ascenseur\u2026). N\u2019oubliez pas d\u2019y ajouter la taxe d\u2019enl\u00e8vement des ordures m\u00e9nag\u00e8res (TEOM) figurant sur votre avis de taxe fonci\u00e8re, car elle est r\u00e9cup\u00e9rable aupr\u00e8s du locataire.<\/p>\n<p>Cependant, ne vous contentez pas de donner le total de la r\u00e9gularisation au locataire, sans explication. V\u00e9rifiez si l\u2019\u00e9cart constat\u00e9 r\u00e9v\u00e8le d\u2019un probl\u00e8me de provision sous-estim\u00e9 ou une surconsommation inhabituelle. \u00catre capable d\u2019expliquer l\u2019origine de l\u2019\u00e9cart montre que vous ma\u00eetrisez votre gestion.<\/p>\n<div class=\"alert alert-info m-b-20 m-t-20\">\n<h3 class=\"lead\">A noter<\/h3>\n<p><a href=\"https:\/\/www.rentila.com\/blog\/2017\/09\/liste-des-charges-recuperables\/\" target=\"_blank\" rel=\"noopener\">Les charges r\u00e9cup\u00e9rables<\/a> sont strictement encadr\u00e9es par le d\u00e9cret du 26 ao\u00fbt 1987. Vous ne pouvez pas facturer n\u2019importe quelle d\u00e9pense au locataire.<\/p>\n<\/div>\n<h2 id=\"4\">Comment pr\u00e9senter la r\u00e9gularisation pour qu\u2019elle soit comprise et accept\u00e9e<\/h2>\n<p>La p\u00e9dagogie est la cl\u00e9 d\u2019une r\u00e9gularisation de charges r\u00e9ussie. En effet, il est important de toujours expliquer <a href=\"https:\/\/www.rentila.com\/blog\/2014\/05\/comment-regulariser-les-charges-locatives\/\" target=\"_blank\" rel=\"noopener\">le calcul des charges locatives<\/a> avant de r\u00e9clamer le paiement. Pour cela, vous pouvez utiliser une pr\u00e9sentation simple en 4 blocs :<\/p>\n<p><b>1.<\/b>\tP\u00e9riode de r\u00e9gularisation : par exemple du 01\/01\/2025 au 31\/12\/2025.<br \/>\n<b>2.<\/b>\tTotal des provisions vers\u00e9es : la somme des avances pay\u00e9es chaque mois par le locataire.<br \/>\n<b>3.<\/b>\tTotal des charges r\u00e9cup\u00e9rables r\u00e9elles : La quote-part exacte calcul\u00e9e selon vos tanti\u00e8mes.<br \/>\n<b>4.<\/b>\tSolde \u00e0 payer ou \u00e0 rembourser : la diff\u00e9rence nette entre les deux montants.<\/p>\n<p>Les justificatifs doivent \u00eatre laiss\u00e9s \u00e0 disposition du locataire pendant 6 mois apr\u00e8s l\u2019envoi du d\u00e9compte. Cependant les envoyer spontan\u00e9ment au moment de la r\u00e9gularisation de charge est un signe de transparence pour le locataire.<\/p>\n<h2 id=\"5\">Que faire si la r\u00e9gularisation de charge est \u00e9lev\u00e9e\u2009?<\/h2>\n<p>Une r\u00e9gularisation importante peut mettre le locataire en difficult\u00e9 financi\u00e8re. Ne le laissez pas d\u00e9couvrir seul une grosse somme par courrier.<\/p>\n<p>Privil\u00e9giez le dialogue plut\u00f4t que le rapport de force imm\u00e9diat. Un appel t\u00e9l\u00e9phonique ou un email informel quelques jours avant l\u2019envoi officiel permet de pr\u00e9parer le terrain. Si la somme est vraiment cons\u00e9quente, envisagez un \u00e9talement du paiement sur deux ou trois mois. C\u2019est un geste commercial qui assure votre encaissement tout en pr\u00e9servant la relation avec votre locataire.<\/p>\n<p>Enfin, une forte r\u00e9gularisation doit imp\u00e9rativement conduire \u00e0 ajuster la provision pour l\u2019ann\u00e9e suivante. Cela \u00e9vite que le probl\u00e8me ne se r\u00e9p\u00e8te et permet au locataire de lisser sa d\u00e9pense sur les mois \u00e0 venir.<\/p>\n<div class=\"alert alert-info m-b-20 m-t-20\">\n<h3 class=\"lead\">Bon \u00e0 savoir<\/h3>\n<p>Si la r\u00e9gularisation est tardive, plus d\u2019un an apr\u00e8s, le locataire est en droit de demander l\u2019\u00e9talement des charges sur 12 mois.<\/p>\n<\/div>\n<h2 id=\"6\">Les bons r\u00e9flexes pour \u00e9viter les conflits \u00e0 l\u2019avenir<\/h2>\n<p>Anticiper est le meilleur moyen de simplifier votre gestion et \u00e9viter les tensions locatives :<\/p>\n<p>\u2022\t<b>R\u00e9gularisez r\u00e9guli\u00e8rement :<\/b> faites-le chaque ann\u00e9e, id\u00e9alement d\u00e8s r\u00e9ception du d\u00e9compte du syndic.<br \/>\n\u2022\t<b>Mettez \u00e0 jour la provision :<\/b> d\u00e8s qu\u2019un d\u00e9calage de plus de 10 % est constat\u00e9, ajustez le montant mensuel.<br \/>\n\u2022\t<b>Informer en amont :<\/b> si vous recevez une information sur une hausse massive du montant des charges, pr\u00e9venez votre locataire. Il appr\u00e9ciera de ne pas \u00eatre mis devant le fait accompli six mois plus tard.<br \/>\n\u2022\t<b>Conserver une tra\u00e7abilit\u00e9 :<\/b> utilisez un logiciel de gestion pour archiver vos factures et vos \u00e9changes. Cela s\u00e9curise votre dossier en cas de d\u00e9part du locataire ou de litige.<\/p>\n<h2 id=\"7\">R\u00e9gulariser les charges, ce n\u2019est pas seulement calculer : c\u2019est aussi bien communiquer<\/h2>\n<p>En conclusion, la r\u00e9gularisation des charges ne doit pas \u00eatre per\u00e7ue comme une simple corv\u00e9e. C\u2019est un acte de gestion qui d\u00e9finit la qualit\u00e9 de votre relation locative. Un propri\u00e9taire qui communique avec clart\u00e9 sur l\u2019origine des frais (\u00e9volution des tarifs de l\u2019\u00e9nergie, entretien de l\u2019immeuble) est un propri\u00e9taire qui rassure et \u00e9vite les suspicions.<\/p>\n<p>En prenant le temps d\u2019expliquer le calcul derri\u00e8re les chiffres, vous montrez \u00e0 votre locataire que vous g\u00e9rez le logement de mani\u00e8re rigoureuse et \u00e9quitable. Cette posture p\u00e9dagogique transforme une obligation l\u00e9gale en une preuve de professionnalisme, garantissant ainsi la s\u00e9r\u00e9nit\u00e9 de votre investissement.<\/p>\n<div class=\"alert alert-info m-b-20 m-t-20\">\n<h3 class=\"lead\">Bon \u00e0 savoir<\/h3>\n<p>Pour ne plus rater l\u2019\u00e9ch\u00e9ance annuelle et \u00e9viter les r\u00e9gularisations tardives sources de conflits, utilisez un logiciel de gestion locative. En centralisant vos factures et vos tanti\u00e8mes, l\u2019outil automatise vos d\u00e9comptes et vous alerte au moment opportun pour agir avec ponctualit\u00e9.<\/p>\n<\/div>\n<h2 id=\"8\">FAQs<\/h2>\n<h3>Peut-on r\u00e9gulariser les charges apr\u00e8s le d\u00e9part du locataire\u2009?<\/h3>\n<p>Oui. Le bailleur peut conserver jusqu\u2019\u00e0 20 % du d\u00e9p\u00f4t de garantie en attendant l\u2019arr\u00eat\u00e9 annuel des comptes de la copropri\u00e9t\u00e9 pour effectuer la r\u00e9gularisation d\u00e9finitive.<\/p>\n<h3>Quel est le d\u00e9lai de prescription\u2009pour r\u00e9gulariser les charges ?<\/h3>\n<p>Le bailleur peut r\u00e9clamer des arri\u00e9r\u00e9s de charges sur les 3 derni\u00e8res ann\u00e9es. Toutefois, si la r\u00e9gularisation est faite avec plus d\u2019un an de retard, le locataire peut exiger un paiement \u00e9tal\u00e9 sur 12 mois.<\/p>\n<h3>Le forfait de charges peut-il \u00eatre r\u00e9gularis\u00e9\u2009?<\/h3>\n<p>Si vous avez opt\u00e9 pour un forfait (courant en colocation ou meubl\u00e9), le montant est fixe. Aucune r\u00e9gularisation, \u00e0 la hausse comme \u00e0 la baisse, n\u2019est possible. Seule une r\u00e9vision annuelle bas\u00e9e sur l\u2019IRL peut \u00eatre appliqu\u00e9e si le bail le pr\u00e9voit.<\/p>\n<h3>Quels justificatifs doit-on fournir pour une r\u00e9gularisation de charges locatives\u2009?<\/h3>\n<p>Le d\u00e9compte annuel des charges de copropri\u00e9t\u00e9 est la pi\u00e8ce ma\u00eetresse. Vous devez \u00e9galement tenir \u00e0 disposition les factures individuelles (eau, entretien) et l\u2019avis de taxe fonci\u00e8re pour la TEOM. Ces documents doivent \u00eatre consultables par le locataire pendant les 6 mois suivant l\u2019envoi de la r\u00e9gularisation.<\/p>\n<h2 id=\"8\">R\u00e9gularisation des charges : l\u2019essentiel \u00e0 retenir<\/h2>\n<p>\u2022\tLa r\u00e9gularisation se base sur la comparaison entre les provisions vers\u00e9es et les d\u00e9penses r\u00e9elles (justifi\u00e9es par les factures, le d\u00e9compte du syndic et la TEOM).<br \/>\n\u2022\tLa transparence est votre meilleure alli\u00e9e : un tableau en 4 blocs et des justificatifs disponibles \u00e9vitent 90 % des litiges.<br \/>\n\u2022\tUne r\u00e9gularisation importante doit toujours \u00eatre accompagn\u00e9e d\u2019une r\u00e9\u00e9valuation de la provision mensuelle.<br \/>\n\u2022\tLe bailleur dispose de 3 ans pour agir, mais une fr\u00e9quence annuelle reste la r\u00e8gle d\u2019or d\u2019une bonne gestion.<br \/>\n\u2022\tUtiliser un outil de gestion comme Rentila permet de professionnaliser l\u2019envoi et de conserver un historique opposable.<\/p>\n","protected":false},"excerpt":{"rendered":"<p>Pilier de la relation bailleur-locataire, la r\u00e9gularisation des charges d\u00e9passe le simple exercice comptable. Entre erreurs de calcul et d\u00e9lais tardifs, cette \u00e9tape est souvent source de conflits. Pourtant, avec de la m\u00e9thode et une communication transparente, cette obligation annuelle peut rester une simple formalit\u00e9. Alors, comment r\u00e9ussir votre r\u00e9gularisation et pr\u00e9server la confiance de [&hellip;]<\/p>\n","protected":false},"author":1,"featured_media":0,"comment_status":"closed","ping_status":"closed","sticky":false,"template":"","format":"standard","meta":{"footnotes":""},"categories":[123,1],"tags":[],"class_list":["post-20799","post","type-post","status-publish","format-standard","hentry","category-conseils","category-loyer-et-charges"],"yoast_head":"<!-- This site is optimized with the Yoast SEO plugin v27.5 - https:\/\/yoast.com\/product\/yoast-seo-wordpress\/ -->\n<title>Charges locatives : r\u00e9ussir une r\u00e9gularisation claire, juste et sans conflit - Rentila<\/title>\n<meta name=\"description\" content=\"D\u00e9couvrez nos conseils pour calculer, justifier et pr\u00e9senter vos charges en toute transparence \u00e0 votre locataire.\" \/>\n<meta name=\"robots\" content=\"index, follow, max-snippet:-1, max-image-preview:large, max-video-preview:-1\" \/>\n<link rel=\"canonical\" href=\"https:\/\/www.rentila.com\/blog\/2026\/05\/charges-locatives-reussir-une-regularisation-claire-juste-et-sans-conflit\/\" \/>\n<meta property=\"og:locale\" content=\"fr_FR\" \/>\n<meta property=\"og:type\" content=\"article\" \/>\n<meta property=\"og:title\" content=\"Charges locatives : r\u00e9ussir une r\u00e9gularisation claire, juste et sans conflit - Rentila\" \/>\n<meta property=\"og:description\" content=\"D\u00e9couvrez nos conseils pour calculer, justifier et pr\u00e9senter vos charges en toute transparence \u00e0 votre locataire.\" \/>\n<meta property=\"og:url\" content=\"https:\/\/www.rentila.com\/blog\/2026\/05\/charges-locatives-reussir-une-regularisation-claire-juste-et-sans-conflit\/\" \/>\n<meta property=\"og:site_name\" content=\"Rentila le blog immobilier et gestion locative\" \/>\n<meta property=\"article:published_time\" content=\"2026-05-03T11:12:58+00:00\" \/>\n<meta name=\"author\" content=\"Rentila\" \/>\n<meta name=\"twitter:card\" content=\"summary_large_image\" \/>\n<meta name=\"twitter:label1\" content=\"\u00c9crit par\" \/>\n\t<meta name=\"twitter:data1\" content=\"Rentila\" \/>\n\t<meta name=\"twitter:label2\" content=\"Dur\u00e9e de lecture estim\u00e9e\" \/>\n\t<meta name=\"twitter:data2\" content=\"8 minutes\" \/>\n<script type=\"application\/ld+json\" class=\"yoast-schema-graph\">{\"@context\":\"https:\\\/\\\/schema.org\",\"@graph\":[{\"@type\":\"Article\",\"@id\":\"https:\\\/\\\/www.rentila.com\\\/blog\\\/2026\\\/05\\\/charges-locatives-reussir-une-regularisation-claire-juste-et-sans-conflit\\\/#article\",\"isPartOf\":{\"@id\":\"https:\\\/\\\/www.rentila.com\\\/blog\\\/2026\\\/05\\\/charges-locatives-reussir-une-regularisation-claire-juste-et-sans-conflit\\\/\"},\"author\":{\"name\":\"Rentila\",\"@id\":\"https:\\\/\\\/www.rentila.com\\\/blog\\\/#\\\/schema\\\/person\\\/77609e80c041021ec588518135d63c59\"},\"headline\":\"Charges locatives : r\u00e9ussir une r\u00e9gularisation claire, juste et sans conflit\",\"datePublished\":\"2026-05-03T11:12:58+00:00\",\"mainEntityOfPage\":{\"@id\":\"https:\\\/\\\/www.rentila.com\\\/blog\\\/2026\\\/05\\\/charges-locatives-reussir-une-regularisation-claire-juste-et-sans-conflit\\\/\"},\"wordCount\":1557,\"publisher\":{\"@id\":\"https:\\\/\\\/www.rentila.com\\\/blog\\\/#organization\"},\"image\":{\"@id\":\"https:\\\/\\\/www.rentila.com\\\/blog\\\/2026\\\/05\\\/charges-locatives-reussir-une-regularisation-claire-juste-et-sans-conflit\\\/#primaryimage\"},\"thumbnailUrl\":\"https:\\\/\\\/www.rentila.com\\\/assets\\\/img\\\/blog\\\/blog_advice_2.png\",\"articleSection\":[\"Conseils\",\"Loyer et charges\"],\"inLanguage\":\"fr-FR\"},{\"@type\":\"WebPage\",\"@id\":\"https:\\\/\\\/www.rentila.com\\\/blog\\\/2026\\\/05\\\/charges-locatives-reussir-une-regularisation-claire-juste-et-sans-conflit\\\/\",\"url\":\"https:\\\/\\\/www.rentila.com\\\/blog\\\/2026\\\/05\\\/charges-locatives-reussir-une-regularisation-claire-juste-et-sans-conflit\\\/\",\"name\":\"Charges locatives : r\u00e9ussir une r\u00e9gularisation claire, juste et sans conflit - Rentila\",\"isPartOf\":{\"@id\":\"https:\\\/\\\/www.rentila.com\\\/blog\\\/#website\"},\"primaryImageOfPage\":{\"@id\":\"https:\\\/\\\/www.rentila.com\\\/blog\\\/2026\\\/05\\\/charges-locatives-reussir-une-regularisation-claire-juste-et-sans-conflit\\\/#primaryimage\"},\"image\":{\"@id\":\"https:\\\/\\\/www.rentila.com\\\/blog\\\/2026\\\/05\\\/charges-locatives-reussir-une-regularisation-claire-juste-et-sans-conflit\\\/#primaryimage\"},\"thumbnailUrl\":\"https:\\\/\\\/www.rentila.com\\\/assets\\\/img\\\/blog\\\/blog_advice_2.png\",\"datePublished\":\"2026-05-03T11:12:58+00:00\",\"description\":\"D\u00e9couvrez nos conseils pour calculer, justifier et pr\u00e9senter vos charges en toute transparence \u00e0 votre locataire.\",\"breadcrumb\":{\"@id\":\"https:\\\/\\\/www.rentila.com\\\/blog\\\/2026\\\/05\\\/charges-locatives-reussir-une-regularisation-claire-juste-et-sans-conflit\\\/#breadcrumb\"},\"inLanguage\":\"fr-FR\",\"potentialAction\":[{\"@type\":\"ReadAction\",\"target\":[\"https:\\\/\\\/www.rentila.com\\\/blog\\\/2026\\\/05\\\/charges-locatives-reussir-une-regularisation-claire-juste-et-sans-conflit\\\/\"]}]},{\"@type\":\"ImageObject\",\"inLanguage\":\"fr-FR\",\"@id\":\"https:\\\/\\\/www.rentila.com\\\/blog\\\/2026\\\/05\\\/charges-locatives-reussir-une-regularisation-claire-juste-et-sans-conflit\\\/#primaryimage\",\"url\":\"https:\\\/\\\/www.rentila.com\\\/assets\\\/img\\\/blog\\\/blog_advice_2.png\",\"contentUrl\":\"https:\\\/\\\/www.rentila.com\\\/assets\\\/img\\\/blog\\\/blog_advice_2.png\"},{\"@type\":\"BreadcrumbList\",\"@id\":\"https:\\\/\\\/www.rentila.com\\\/blog\\\/2026\\\/05\\\/charges-locatives-reussir-une-regularisation-claire-juste-et-sans-conflit\\\/#breadcrumb\",\"itemListElement\":[{\"@type\":\"ListItem\",\"position\":1,\"name\":\"Accueil\",\"item\":\"https:\\\/\\\/www.rentila.com\\\/blog\\\/\"},{\"@type\":\"ListItem\",\"position\":2,\"name\":\"Charges locatives : r\u00e9ussir une r\u00e9gularisation claire, juste et sans conflit\"}]},{\"@type\":\"WebSite\",\"@id\":\"https:\\\/\\\/www.rentila.com\\\/blog\\\/#website\",\"url\":\"https:\\\/\\\/www.rentila.com\\\/blog\\\/\",\"name\":\"Rentila le blog immobilier et gestion locative\",\"description\":\"Conseils pratiques, actualit\u00e9 immobili\u00e8re\",\"publisher\":{\"@id\":\"https:\\\/\\\/www.rentila.com\\\/blog\\\/#organization\"},\"potentialAction\":[{\"@type\":\"SearchAction\",\"target\":{\"@type\":\"EntryPoint\",\"urlTemplate\":\"https:\\\/\\\/www.rentila.com\\\/blog\\\/?s={search_term_string}\"},\"query-input\":{\"@type\":\"PropertyValueSpecification\",\"valueRequired\":true,\"valueName\":\"search_term_string\"}}],\"inLanguage\":\"fr-FR\"},{\"@type\":\"Organization\",\"@id\":\"https:\\\/\\\/www.rentila.com\\\/blog\\\/#organization\",\"name\":\"Rentila le blog immobilier et gestion locative\",\"url\":\"https:\\\/\\\/www.rentila.com\\\/blog\\\/\",\"logo\":{\"@type\":\"ImageObject\",\"inLanguage\":\"fr-FR\",\"@id\":\"https:\\\/\\\/www.rentila.com\\\/blog\\\/#\\\/schema\\\/logo\\\/image\\\/\",\"url\":\"https:\\\/\\\/www.rentila.com\\\/blog\\\/wp-content\\\/uploads\\\/2015\\\/08\\\/logo_house_256px.png\",\"contentUrl\":\"https:\\\/\\\/www.rentila.com\\\/blog\\\/wp-content\\\/uploads\\\/2015\\\/08\\\/logo_house_256px.png\",\"width\":256,\"height\":256,\"caption\":\"Rentila le blog immobilier et gestion locative\"},\"image\":{\"@id\":\"https:\\\/\\\/www.rentila.com\\\/blog\\\/#\\\/schema\\\/logo\\\/image\\\/\"}},{\"@type\":\"Person\",\"@id\":\"https:\\\/\\\/www.rentila.com\\\/blog\\\/#\\\/schema\\\/person\\\/77609e80c041021ec588518135d63c59\",\"name\":\"Rentila\",\"url\":\"https:\\\/\\\/www.rentila.com\\\/blog\\\/author\\\/admin\\\/\"}]}<\/script>\n<!-- \/ Yoast SEO plugin. -->","yoast_head_json":{"title":"Charges locatives : r\u00e9ussir une r\u00e9gularisation claire, juste et sans conflit - Rentila","description":"D\u00e9couvrez nos conseils pour calculer, justifier et pr\u00e9senter vos charges en toute transparence \u00e0 votre locataire.","robots":{"index":"index","follow":"follow","max-snippet":"max-snippet:-1","max-image-preview":"max-image-preview:large","max-video-preview":"max-video-preview:-1"},"canonical":"https:\/\/www.rentila.com\/blog\/2026\/05\/charges-locatives-reussir-une-regularisation-claire-juste-et-sans-conflit\/","og_locale":"fr_FR","og_type":"article","og_title":"Charges locatives : r\u00e9ussir une r\u00e9gularisation claire, juste et sans conflit - Rentila","og_description":"D\u00e9couvrez nos conseils pour calculer, justifier et pr\u00e9senter vos charges en toute transparence \u00e0 votre locataire.","og_url":"https:\/\/www.rentila.com\/blog\/2026\/05\/charges-locatives-reussir-une-regularisation-claire-juste-et-sans-conflit\/","og_site_name":"Rentila le blog immobilier et gestion locative","article_published_time":"2026-05-03T11:12:58+00:00","author":"Rentila","twitter_card":"summary_large_image","twitter_misc":{"\u00c9crit par":"Rentila","Dur\u00e9e de lecture estim\u00e9e":"8 minutes"},"schema":{"@context":"https:\/\/schema.org","@graph":[{"@type":"Article","@id":"https:\/\/www.rentila.com\/blog\/2026\/05\/charges-locatives-reussir-une-regularisation-claire-juste-et-sans-conflit\/#article","isPartOf":{"@id":"https:\/\/www.rentila.com\/blog\/2026\/05\/charges-locatives-reussir-une-regularisation-claire-juste-et-sans-conflit\/"},"author":{"name":"Rentila","@id":"https:\/\/www.rentila.com\/blog\/#\/schema\/person\/77609e80c041021ec588518135d63c59"},"headline":"Charges locatives : r\u00e9ussir une r\u00e9gularisation claire, juste et sans conflit","datePublished":"2026-05-03T11:12:58+00:00","mainEntityOfPage":{"@id":"https:\/\/www.rentila.com\/blog\/2026\/05\/charges-locatives-reussir-une-regularisation-claire-juste-et-sans-conflit\/"},"wordCount":1557,"publisher":{"@id":"https:\/\/www.rentila.com\/blog\/#organization"},"image":{"@id":"https:\/\/www.rentila.com\/blog\/2026\/05\/charges-locatives-reussir-une-regularisation-claire-juste-et-sans-conflit\/#primaryimage"},"thumbnailUrl":"https:\/\/www.rentila.com\/assets\/img\/blog\/blog_advice_2.png","articleSection":["Conseils","Loyer et charges"],"inLanguage":"fr-FR"},{"@type":"WebPage","@id":"https:\/\/www.rentila.com\/blog\/2026\/05\/charges-locatives-reussir-une-regularisation-claire-juste-et-sans-conflit\/","url":"https:\/\/www.rentila.com\/blog\/2026\/05\/charges-locatives-reussir-une-regularisation-claire-juste-et-sans-conflit\/","name":"Charges locatives : r\u00e9ussir une r\u00e9gularisation claire, juste et sans conflit - Rentila","isPartOf":{"@id":"https:\/\/www.rentila.com\/blog\/#website"},"primaryImageOfPage":{"@id":"https:\/\/www.rentila.com\/blog\/2026\/05\/charges-locatives-reussir-une-regularisation-claire-juste-et-sans-conflit\/#primaryimage"},"image":{"@id":"https:\/\/www.rentila.com\/blog\/2026\/05\/charges-locatives-reussir-une-regularisation-claire-juste-et-sans-conflit\/#primaryimage"},"thumbnailUrl":"https:\/\/www.rentila.com\/assets\/img\/blog\/blog_advice_2.png","datePublished":"2026-05-03T11:12:58+00:00","description":"D\u00e9couvrez nos conseils pour calculer, justifier et pr\u00e9senter vos charges en toute transparence \u00e0 votre locataire.","breadcrumb":{"@id":"https:\/\/www.rentila.com\/blog\/2026\/05\/charges-locatives-reussir-une-regularisation-claire-juste-et-sans-conflit\/#breadcrumb"},"inLanguage":"fr-FR","potentialAction":[{"@type":"ReadAction","target":["https:\/\/www.rentila.com\/blog\/2026\/05\/charges-locatives-reussir-une-regularisation-claire-juste-et-sans-conflit\/"]}]},{"@type":"ImageObject","inLanguage":"fr-FR","@id":"https:\/\/www.rentila.com\/blog\/2026\/05\/charges-locatives-reussir-une-regularisation-claire-juste-et-sans-conflit\/#primaryimage","url":"https:\/\/www.rentila.com\/assets\/img\/blog\/blog_advice_2.png","contentUrl":"https:\/\/www.rentila.com\/assets\/img\/blog\/blog_advice_2.png"},{"@type":"BreadcrumbList","@id":"https:\/\/www.rentila.com\/blog\/2026\/05\/charges-locatives-reussir-une-regularisation-claire-juste-et-sans-conflit\/#breadcrumb","itemListElement":[{"@type":"ListItem","position":1,"name":"Accueil","item":"https:\/\/www.rentila.com\/blog\/"},{"@type":"ListItem","position":2,"name":"Charges locatives : r\u00e9ussir une r\u00e9gularisation claire, juste et sans conflit"}]},{"@type":"WebSite","@id":"https:\/\/www.rentila.com\/blog\/#website","url":"https:\/\/www.rentila.com\/blog\/","name":"Rentila le blog immobilier et gestion locative","description":"Conseils pratiques, actualit\u00e9 immobili\u00e8re","publisher":{"@id":"https:\/\/www.rentila.com\/blog\/#organization"},"potentialAction":[{"@type":"SearchAction","target":{"@type":"EntryPoint","urlTemplate":"https:\/\/www.rentila.com\/blog\/?s={search_term_string}"},"query-input":{"@type":"PropertyValueSpecification","valueRequired":true,"valueName":"search_term_string"}}],"inLanguage":"fr-FR"},{"@type":"Organization","@id":"https:\/\/www.rentila.com\/blog\/#organization","name":"Rentila le blog immobilier et gestion locative","url":"https:\/\/www.rentila.com\/blog\/","logo":{"@type":"ImageObject","inLanguage":"fr-FR","@id":"https:\/\/www.rentila.com\/blog\/#\/schema\/logo\/image\/","url":"https:\/\/www.rentila.com\/blog\/wp-content\/uploads\/2015\/08\/logo_house_256px.png","contentUrl":"https:\/\/www.rentila.com\/blog\/wp-content\/uploads\/2015\/08\/logo_house_256px.png","width":256,"height":256,"caption":"Rentila le blog immobilier et gestion locative"},"image":{"@id":"https:\/\/www.rentila.com\/blog\/#\/schema\/logo\/image\/"}},{"@type":"Person","@id":"https:\/\/www.rentila.com\/blog\/#\/schema\/person\/77609e80c041021ec588518135d63c59","name":"Rentila","url":"https:\/\/www.rentila.com\/blog\/author\/admin\/"}]}},"_links":{"self":[{"href":"https:\/\/www.rentila.com\/blog\/wp-json\/wp\/v2\/posts\/20799","targetHints":{"allow":["GET"]}}],"collection":[{"href":"https:\/\/www.rentila.com\/blog\/wp-json\/wp\/v2\/posts"}],"about":[{"href":"https:\/\/www.rentila.com\/blog\/wp-json\/wp\/v2\/types\/post"}],"author":[{"embeddable":true,"href":"https:\/\/www.rentila.com\/blog\/wp-json\/wp\/v2\/users\/1"}],"replies":[{"embeddable":true,"href":"https:\/\/www.rentila.com\/blog\/wp-json\/wp\/v2\/comments?post=20799"}],"version-history":[{"count":16,"href":"https:\/\/www.rentila.com\/blog\/wp-json\/wp\/v2\/posts\/20799\/revisions"}],"predecessor-version":[{"id":20831,"href":"https:\/\/www.rentila.com\/blog\/wp-json\/wp\/v2\/posts\/20799\/revisions\/20831"}],"wp:attachment":[{"href":"https:\/\/www.rentila.com\/blog\/wp-json\/wp\/v2\/media?parent=20799"}],"wp:term":[{"taxonomy":"category","embeddable":true,"href":"https:\/\/www.rentila.com\/blog\/wp-json\/wp\/v2\/categories?post=20799"},{"taxonomy":"post_tag","embeddable":true,"href":"https:\/\/www.rentila.com\/blog\/wp-json\/wp\/v2\/tags?post=20799"}],"curies":[{"name":"wp","href":"https:\/\/api.w.org\/{rel}","templated":true}]}}