{"id":3445,"date":"2015-07-16T12:32:48","date_gmt":"2015-07-16T10:32:48","guid":{"rendered":"http:\/\/www.rentila.com\/blog\/?p=3445"},"modified":"2025-12-16T15:58:16","modified_gmt":"2025-12-16T13:58:16","slug":"gestion-de-location-saisonniere-airbnb-et-autres-mode-demploi","status":"publish","type":"post","link":"https:\/\/www.rentila.com\/blog\/2015\/07\/gestion-de-location-saisonniere-airbnb-et-autres-mode-demploi\/","title":{"rendered":"Gestion de location saisonni\u00e8re AirBnB : Mode d&#8217;emploi"},"content":{"rendered":"<div><img decoding=\"async\" class=\"alignleft size-full wp-image-516\" title=\"documents\" src=\"https:\/\/www.rentila.com\/assets\/img\/blog\/blog_presentation_1.png\" alt=\"Gestion de location saisonni\u00e8re AirBnB et autres: Mode d'emploi\" width=\"100%\" height=\"\"\/><\/div>\n<p class=\"lead\">C&rsquo;est un concept bien ancr\u00e9 aujourd&rsquo;hui dans les usages de certains touristes ou vacanciers: louer une habitation chez un particulier afin d&rsquo;y demeurer pour un cours s\u00e9jour, plut\u00f4t que de demeurer \u00e0 l&rsquo;h\u00f4tel.<\/p>\n<p class=\"lead\">Depuis la cr\u00e9ation de Airbnb en 2007, plate-forme faisant le lien entre les personnes proposant une partie ou la totalit\u00e9 de leur habitation et les voyageurs souhaitant un lieu de r\u00e9sidence temporaire. La demande ne cesse d&rsquo;aller crescendo, favorisant l&rsquo;\u00e9mergence d&rsquo;offres concurrentes et services qui gravitent autour&#8230; Voici notre guide sur la gestion de location saisonni\u00e8re AirBnB.<\/p>\n<p><!--more--><\/p>\n<h2 id=\"1\">Gestion de location saisonni\u00e8re AirBnB: s&rsquo;assurer d&rsquo;agir dans le cadre de la loi<\/h2>\n<p>S&rsquo;il peut \u00eatre pratique, en tant que h\u00f4te, de passer par ces sites pour offrir un logement, il convient pr\u00e9alablement de s&rsquo;assurer que pareille d\u00e9marche est en ad\u00e9quation avec la l\u00e9gislation en vigueur.<\/p>\n<p>Le site Airbnb rappelle qu&rsquo;avant de proposer un h\u00e9bergement via la plate-forme, il est indiqu\u00e9 de se renseigner sur les lois locales. En France il est tout \u00e0 fait envisageable de louer ou de sous-louer un logement, mais \u00e0 condition de respecter certaines r\u00e8gles.<\/p>\n<h3>Autorisations en tant que propri\u00e9taire<\/h3>\n<h5>La limite annuelle dans les grandes villes<\/h5>\n<p>Depuis ces derni\u00e8res ann\u00e9es, de nombreuses grandes villes fran\u00e7aises encadrent strictement la location de la<br \/>\n<strong>r\u00e9sidence principale<\/strong> en meubl\u00e9 touristique.<\/p>\n<p>La r\u00e8gle g\u00e9n\u00e9rale reste une limite de <strong>120 nuits par an<\/strong> dans plusieurs communes tr\u00e8s touristiques.<\/p>\n<p>En revanche, certaines villes, dont <strong>Paris depuis 2025<\/strong>, ont choisi d\u2019abaisser ce plafond \u00e0<br \/>\n<strong>90 nuits par ann\u00e9e civile<\/strong>.<\/p>\n<p>Les villes concern\u00e9es par un plafonnement strict incluent notamment : Aix-en-Provence, Annecy, Bordeaux, Levallois-Perret, Lille, Lyon, Martigues, Menton, Neuilly-sur-Seine, Nice, N\u00eemes, Paris, Roquebrune-Cap-Martin, Saint-Cannat, Saint-Paul-de-Vence, S\u00e8te, Versailles et Villeneuve-Loubet.<\/p>\n<p>Selon la r\u00e9glementation locale, les plateformes peuvent bloquer automatiquement les annonces une fois le plafond atteint.<\/p>\n<h5>Louer sans autorisation<\/h5>\n<p>L\u2019arr\u00eat\u00e9 du 16 mai 1967 laisse au propri\u00e9taire la libert\u00e9 de fixer la dur\u00e9e d\u2019une location saisonni\u00e8re<br \/>\n(une nuit, une semaine ou plusieurs mois), tant qu\u2019il s\u2019agit d\u2019une location \u00e0 des vacanciers ou des touristes et non d\u2019un bail d\u2019habitation classique.<\/p>\n<blockquote><p>\nLorsque le logement est votre <strong>r\u00e9sidence principale<\/strong> \u2014 c\u2019est-\u00e0-dire celui que vous occupez au moins 8 mois par an \u2014 vous pouvez le louer sans autorisation de changement d\u2019usage, dans la limite impos\u00e9e par votre ville : <strong>90 nuits \u00e0 Paris<\/strong> et <strong>120 nuits dans la plupart des autres communes concern\u00e9es<\/strong>.\n<\/p><\/blockquote>\n<p>Le logement doit \u00e9galement respecter les crit\u00e8res du logement d\u00e9cent, notamment une surface minimale de<br \/>\n<strong>9m\u00b2<\/strong> pour une personne.<\/p>\n<p>Dans le cas d\u2019une sous-location, cette exigence est g\u00e9n\u00e9ralement moins contr\u00f4l\u00e9e, mais l\u2019accord \u00e9crit du propri\u00e9taire reste obligatoire.<\/p>\n<p>Le propri\u00e9taire qui souhaite louer en meubl\u00e9 touristique doit effectuer une d\u00e9claration pr\u00e9alable en mairie,<br \/>\nnotamment lorsqu\u2019un <strong>num\u00e9ro d\u2019enregistrement<\/strong> est obligatoire dans sa commune.<br \/>\nCette d\u00e9claration peut se faire via le formulaire cerfa <a href=\"https:\/\/www.service-public.fr\/particuliers\/vosdroits\/R14321\" target=\"_blank\" rel=\"noopener noreferrer\">n\u00b014004*02<\/a><br \/>\nou via un t\u00e9l\u00e9service local lorsque la ville l\u2019exige.<\/p>\n<p>En cas de non-d\u00e9claration, une amende pouvant atteindre <strong>450\u20ac<\/strong> peut \u00eatre appliqu\u00e9e.<\/p>\n<div class=\"alert\">\n<h3 class=\"lead\">Important!<\/h3>\n<p>    <strong>\u00c0 Paris, depuis le 1er d\u00e9cembre 2017<\/strong>, toute location ou sous-location saisonni\u00e8re doit faire l\u2019objet d\u2019une <strong>t\u00e9l\u00e9d\u00e9claration obligatoire<\/strong> afin d\u2019obtenir un num\u00e9ro d\u2019enregistrement. Ce num\u00e9ro doit \u00eatre affich\u00e9 sur toutes les annonces en ligne.<\/p>\n<p>    La d\u00e9claration peut \u00eatre effectu\u00e9e <a href=\"https:\/\/teleservices.paris.fr\/meubles-tourisme\/jsp\/site\/Portal.jsp?page=accueil\" \n       target=\"_blank\" rel=\"noopener noreferrer\">sur le site officiel de la Ville de Paris<\/a>.\n<\/div>\n<p><strong>Depuis 2019<\/strong>, les plateformes comme Airbnb transmettent automatiquement les<br \/>\n    <strong>revenus locatifs au fisc<\/strong>, permettant \u00e0 l\u2019administration fiscale de v\u00e9rifier plus facilement les d\u00e9clarations des loueurs en meubl\u00e9 touristique.<\/p>\n<p>    <strong>\u00c0 compter de 2025<\/strong>, plusieurs grandes villes renforcent leur contr\u00f4le, notamment en limitant la location des r\u00e9sidences principales \u00e0 <strong>90 nuits \u00e0 Paris<\/strong> et <strong>120 nuits dans d\u2019autres communes<\/strong> soumises \u00e0 r\u00e9glementation. Le non-respect de ces obligations peut entra\u00eener des sanctions importantes.<\/p>\n<h5>Autorisations n\u00e9cessaires<\/h5>\n<p>Toute personne qui loue un <strong>meubl\u00e9 de tourisme<\/strong> doit effectuer une <strong>d\u00e9claration pr\u00e9alable en mairie<\/strong>, m\u00eame pour une courte dur\u00e9e.<\/p>\n<p>Lorsque l\u2019activit\u00e9 d\u00e9passe le cadre de la r\u00e9sidence principale ou exc\u00e8de les plafonds de location autoris\u00e9s<br \/>\n(<strong>90 nuits \u00e0 Paris<\/strong>, <strong>120 nuits dans d\u2019autres grandes villes<\/strong>), une autorisation sp\u00e9cifique peut \u00eatre exig\u00e9e.<\/p>\n<p>Dans certaines communes \u2014 notamment les villes de plus de <strong>200 000 habitants<\/strong> ainsi que celles des d\u00e9partements des <strong>Hauts-de-Seine<\/strong>, de la <strong>Seine-Saint-Denis<\/strong><br \/>\net du <strong>Val-de-Marne<\/strong> \u2014 vous devez \u00e9galement obtenir une <strong>autorisation de changement d\u2019usage<\/strong> pour transformer un logement en meubl\u00e9 de tourisme.<\/p>\n<p>Cette autorisation peut \u00eatre assortie d\u2019une obligation de <strong>compensation<\/strong><br \/>\n(Conversion d\u2019un local commercial en logement), rendant la d\u00e9marche complexe et co\u00fbteuse pour les particuliers.<\/p>\n<p>Pour plus d\u2019informations, consultez le site officiel des <a href=\"https:\/\/www.service-public.fr\/particuliers\/vosdroits\/F2043\" target=\"_blank\" rel=\"noopener noreferrer\">Services publics<\/a>.<\/p>\n<h3>Autorisations en tant que locataire<\/h3>\n<h5>Pour un logement vide<\/h5>\n<p>Le locataire doit obtenir l&rsquo;accord \u00e9crit du propri\u00e9taire et fixer un loyer inf\u00e9rieur \u00e0 celui de son bail.<\/p>\n<h5>Pour un logement meubl\u00e9<\/h5>\n<p>Le locataire peut sous-louer son logement si le bail a \u00e9t\u00e9 sign\u00e9 avant le 27 mars 2014 et s&rsquo;il ne comporte aucune clause d&rsquo;interdiction de sous-location. Par ailleurs, la fixation du loyer sera libre, ainsi que la dur\u00e9e du bail, d\u00e8s lors qu&rsquo;elle n&rsquo;exc\u00e8de pas celle du bail initial. Si par contre le contrat de location a \u00e9t\u00e9 sign\u00e9 apr\u00e8s le 27 mars 2014, le locataire devra imp\u00e9rativement obtenir l&rsquo;accord du propri\u00e9taire et, en cas d&rsquo;acceptation, appliquer un tarif inf\u00e9rieur \u00e0 son loyer.<\/p>\n<h5>Pour un logement social<\/h5>\n<p>La l\u00e9gislation n&rsquo;autorise pas la sous-location int\u00e9grale d&rsquo;un logement du type HLM. C&rsquo;est toutefois admissible pour l&rsquo;accueil de personnes fragilis\u00e9es: adultes handicap\u00e9s, seniors de plus de 60 ans, adultes de moins de 30 ans. Le locataire d\u00e9sireux de sous-louer devra alors d\u00e9poser une demande aupr\u00e8s de l&rsquo;organisme bailleur par lettre recommand\u00e9e avec accus\u00e9 de r\u00e9ception.<\/p>\n<p>Pour tous les cas requ\u00e9rant l&rsquo;autorisation pr\u00e9alable du propri\u00e9taire, le locataire devra transmettre au sous-locataire l&rsquo;accord \u00e9crit, ainsi qu&rsquo;une copie du bail en cours.<\/p>\n<p>La mise \u00e0 disposition d&rsquo;un logement en int\u00e9gralit\u00e9 ou non sur des plates-formes comme Airbnb peut repr\u00e9senter un compl\u00e9ment de revenus non n\u00e9gligeable. Il est donc utile de rappeler le cadre juridique et fiscal applicables.<\/p>\n<h3>Autorisations en tant que locataire<\/h3>\n<h5>Pour un logement vide<\/h5>\n<p>Le locataire ne peut sous-louer son logement vide qu\u2019avec l\u2019<strong>accord \u00e9crit du propri\u00e9taire<\/strong>.<br \/>\nLe loyer demand\u00e9 au sous-locataire doit \u00eatre <strong>inf\u00e9rieur ou \u00e9gal<\/strong> au loyer pay\u00e9 par le locataire principal.<\/p>\n<h5>Pour un logement meubl\u00e9<\/h5>\n<p>Pour les baux sign\u00e9s <strong>avant le 27 mars 2014<\/strong>, la sous-location est possible si le bail ne comporte aucune clause d\u2019interdiction. Le locataire peut alors fixer librement le montant du loyer et la dur\u00e9e de la sous-location, sans d\u00e9passer celle du bail principal.<\/p>\n<p>Pour les baux sign\u00e9s <strong>\u00e0 partir du 27 mars 2014<\/strong>, la loi ALUR impose l\u2019<strong>accord \u00e9crit du bailleur<\/strong>.<\/p>\n<p>En cas d\u2019autorisation, le locataire ne peut pas demander un loyer sup\u00e9rieur \u00e0 celui qu\u2019il paie au propri\u00e9taire, au prorata de la surface sous-lou\u00e9e.<\/p>\n<h5>Pour un logement social (HLM)<\/h5>\n<p>La sous-location totale d\u2019un logement social est <strong>interdite<\/strong>.<br \/>\nUne sous-location partielle est toutefois possible pour l\u2019accueil de personnes en situation fragile :<br \/>\nadultes handicap\u00e9s, personnes de plus de 60 ans, ou jeunes de moins de 30 ans.<br \/>\nDans ce cas, le locataire doit adresser une <strong>demande motiv\u00e9e<\/strong> \u00e0 l\u2019organisme bailleur par<br \/>\nlettre recommand\u00e9e avec accus\u00e9 de r\u00e9ception.<\/p>\n<p>Dans tous les cas o\u00f9 une autorisation est n\u00e9cessaire, le locataire doit transmettre au sous-locataire<br \/>\nune <strong>copie de l\u2019accord \u00e9crit du propri\u00e9taire<\/strong> ainsi qu\u2019une copie du bail en cours.<\/p>\n<p>La mise \u00e0 disposition d\u2019un logement \u2014 partielle ou totale \u2014 via des plateformes comme Airbnb peut constituer<br \/>\nun compl\u00e9ment de revenus int\u00e9ressant. Il est donc essentiel de respecter le <strong>cadre juridique et fiscal<\/strong> applicable \u00e0 la sous-location.<\/p>\n<h2 id=\"2\">Location saisonni\u00e8re et fiscalit\u00e9<\/h2>\n<p>Lorsque la location saisonni\u00e8re s\u2019inscrit dans un <strong>forfait touristique<\/strong>, elle rel\u00e8ve des articles <strong>L211-1 et suivants du Code du tourisme<\/strong>. Dans les autres cas, ce sont les dispositions du <strong>Code civil<\/strong> qui s\u2019appliquent, notamment les articles <strong>1713 et suivants<\/strong>.<\/p>\n<p>Les revenus issus d\u2019une location saisonni\u00e8re doivent \u00eatre <strong>d\u00e9clar\u00e9s aux imp\u00f4ts<\/strong>.<br \/>\nIls sont impos\u00e9s dans la cat\u00e9gorie des <strong>B\u00e9n\u00e9fices Industriels et Commerciaux (BIC)<\/strong>.<br \/>\nDepuis 2025, les seuils et abattements applicables ont \u00e9t\u00e9 modifi\u00e9s :<\/p>\n<ul>\n<li><strong>Locations meubl\u00e9es non class\u00e9es<\/strong> : recettes annuelles jusqu\u2019\u00e0 <strong>15 000\u20ac<\/strong> \u2192 r\u00e9gime <strong>micro-BIC<\/strong> avec un abattement forfaitaire de <strong>30%<\/strong><\/li>\n<li><strong>Meubl\u00e9s de tourisme class\u00e9s et chambres d\u2019h\u00f4tes<\/strong> : recettes jusqu\u2019\u00e0 <strong>77 700\u20ac<\/strong> \u2192 r\u00e9gime <strong>micro-BIC<\/strong> avec un abattement forfaitaire de <strong>50%<\/strong><\/li>\n<li><strong>Au-del\u00e0 de ces seuils<\/strong> ou sur option : application du <strong>r\u00e9gime r\u00e9el<\/strong>, permettant de d\u00e9duire les charges r\u00e9elles (int\u00e9r\u00eats d\u2019emprunt, travaux, frais, copropri\u00e9t\u00e9\u2026) ainsi que l\u2019<strong>amortissement<\/strong> du bien et du mobilier.<\/li>\n<\/ul>\n<p>Les anciens seuils de <strong>70 000\u20ac<\/strong> ou <strong>82 200\u20ac<\/strong> ne sont plus en vigueur.<br \/>\nLes nouvelles limites s\u2019appliquent d\u00e9sormais \u00e0 toutes les locations meubl\u00e9es et saisonni\u00e8res.<\/p>\n<div class=\"alert alert-success\">\n<h3 class=\"lead\">G\u00e9rer ses revenus et d\u00e9penses avec Rentila<\/h3>\n<p>Vous pouvez g\u00e9rer les revenus et d\u00e9penses li\u00e9s \u00e0 votre location saisonni\u00e8re avec Rentila, dans la rubrique <i class=\"icon-cash2\"><\/i> <b>Finances<\/b>.<\/p>\n<p>Veuillez <a href=\"https:\/\/www.rentila.com\/support\/archives\/1137\" target=\"_blank\" rel=\"noopener noreferrer\">consulter cet article<\/a> pour savoir comment importer directement vos r\u00e9servations.<\/p>\n<\/div>\n<p>Il existe toutefois des cas d\u2019<strong>exon\u00e9ration d\u2019imp\u00f4t<\/strong> pour certains loueurs en meubl\u00e9.<br \/>\nCette exon\u00e9ration concerne uniquement les locations r\u00e9alis\u00e9es au sein de la <strong>r\u00e9sidence principale du propri\u00e9taire<\/strong>, lorsque celui-ci loue une ou plusieurs <strong>chambres chez l\u2019habitant<\/strong> et que le loyer respecte les plafonds fix\u00e9s par l\u2019administration fiscale (CGI, art. <strong>35 bis<\/strong>).<\/p>\n<p>Une exon\u00e9ration est \u00e9galement possible pour les personnes proposant un <strong>g\u00eete rural ou un meubl\u00e9 labellis\u00e9<\/strong>, sous certaines conditions pr\u00e9vues par le Code g\u00e9n\u00e9ral des imp\u00f4ts (CGI, art. <strong>1459, 3\u00b0-a<\/strong>).<\/p>\n<p>En revanche, ces exon\u00e9rations ne s&rsquo;appliquent pas aux locations saisonni\u00e8res ind\u00e9pendantes du logement principal ni aux locations touristiques de type Airbnb portant sur l\u2019habitation enti\u00e8re.<br \/>\nD\u00e8s lors que les conditions juridiques et fiscales sont r\u00e9unies, le propri\u00e9taire peut organiser librement la mise \u00e0 disposition de son bien.<\/p>\n<div class=\"alert alert-info\">\n<p><span class=\"lead\">A noter !<\/span><\/p>\n<p>Vous pouvez \u00eatre exon\u00e9r\u00e9 d\u2019imp\u00f4t si les deux conditions suivantes sont r\u00e9unies :<\/p>\n<ul>\n<li>vous louez une ou plusieurs chambres meubl\u00e9es situ\u00e9es dans votre <strong>r\u00e9sidence principale<\/strong> ;<\/li>\n<li>le montant total des loyers encaiss\u00e9s <strong>ne d\u00e9passe pas 760\u20ac par an<\/strong>.<\/li>\n<\/ul>\n<\/div>\n<h2 id=\"3\">Gestion de la location saisonni\u00e8re<\/h2>\n<h3>Annonce<\/h3>\n<p>La premi\u00e8re \u00e9tape consiste \u00e0 montrer le logement que l&rsquo;on souhaite louer. Sur Airbnb vous pouvez publier gratuitement une annonce en d\u00e9crivant les locaux et les \u00e9quipements dont ils disposent. Vous pouvez encore ajouter des pr\u00e9cisions utiles sur le quartier, les commerces de proximit\u00e9, la pr\u00e9sence ou non de la wifi, etc. La plate-forme permet en outre de t\u00e9l\u00e9charger jusqu&rsquo;\u00e0 24 photos afin que les futurs locataires puissent se faire une repr\u00e9sentation des lieux.<\/p>\n<ul>\n<li>Prenez votre temps pour bien r\u00e9diger une annonce compl\u00e8te.<\/li>\n<li>Vous pouvez traduire votre description en plusieurs langues.<\/li>\n<li>Utilisez un maximum de photos de qualit\u00e9 pour illustrer votre annonce Airbnb.<\/li>\n<\/ul>\n<h3>Planning<\/h3>\n<p>Il est recommand\u00e9 de tenir un calendrier \u00e0 jour sur les disponibilit\u00e9s du logement et de r\u00e9pondre rapidement aux demandes de r\u00e9servation. \u00c0 ce titre, le site offre une fonctionnalit\u00e9 permettant, en conformit\u00e9 avec certains crit\u00e8res de s\u00e9lection pr\u00e9alablement d\u00e9finis, de r\u00e9server la location instantan\u00e9ment. Mais vous pouvez \u00e9galement demander \u00e0 chaque voyageur int\u00e9ress\u00e9 d&rsquo;envoyer une demande de r\u00e9servation.<\/p>\n<ul>\n<li>Pensez \u00e0 bien configurer vos prix, disponibilit\u00e9s et dur\u00e9e minimum de s\u00e9jour.<\/li>\n<li>Tenez \u00e0 jour votre calendrier.<\/li>\n<\/ul>\n<div class=\"alert alert-success\">\n<h3 class=\"lead\">Syncroniser son calendrier avec Rentila<\/h3>\n<p>Vous pouvez synchroniser vos calendriers avec Airbnb, Tripadvisor, Abritel ou Google calendar, veuillez <a href=\"https:\/\/www.rentila.com\/support\/archives\/1137\" target=\"_blank\" rel=\"noopener noreferrer\">consulter cet article<\/a>.<\/p>\n<\/div>\n<h3>Communication<\/h3>\n<p>Soyez disponible et r\u00e9pondez rapidement aux demandes (sous 1h si possible). Corrigez aussi vite que possible les probl\u00e8mes auxquels pourraient faire face vos clients. Restez toujours poli et courtois.<\/p>\n<h3>Inventaire<\/h3>\n<p>Pour \u00e9viter de devoir renouveler constamment son stock d&rsquo;ustensiles ou de serviettes, il est conseill\u00e9 de r\u00e9aliser un inventaire mensuel des \u00e9l\u00e9ments que comportent vos habitats de location. Il vous permettra de rep\u00e9rer promptement les \u00e9l\u00e9ments manquants ou usag\u00e9s, et de mieux g\u00e9rer vos d\u00e9penses.<\/p>\n<div class=\"alert alert-info\">\n<h3 class=\"lead\">Mod\u00e8le d\u2019inventaire des meubles<\/h3>\n<p><i class=\"fa fa-paperclip\"><\/i> T\u00e9l\u00e9charger gratuitement un <a title=\"Mod\u00e8le d'inventaire des meubles\" href=\"https:\/\/www.rentila.com\/content\/Models\/Proprietaire\/Inventaire%20des%20meubles.doc\">mod\u00e8le d\u2019inventaire des meubles<\/a>.<\/p>\n<\/div>\n<div class=\"alert alert-success\">\n<h3 class=\"lead\">Comment faire un inventaire avec Rentila<\/h3>\n<p>Vous pouvez cr\u00e9er un inventaire des meubles avec l\u2019aide de Rentila. Rendez-vous dans votre compte, rubrique <b>Inventaires<\/b>.<\/p>\n<\/div>\n<h3>Accueil et remise des cl\u00e9s<\/h3>\n<p>Il faudra veiller \u00e0 ce que le logement soit disponible \u00e0 l&rsquo;heure convenue et que les cl\u00e9s soient remises aux voyageurs d\u00e8s leur arriv\u00e9e.<br \/>\nDe fa\u00e7on g\u00e9n\u00e9rale, un bon accueil englobe \u00e9galement la propret\u00e9 de la location et la transmission aux voyageurs de conseils \u00e9clair\u00e9s pour leur assurer un bon s\u00e9jour.<\/p>\n<h3>D\u00e9part et m\u00e9nage<\/h3>\n<p>Le syst\u00e8me de messagerie de Airbnb permet des \u00e9changes entre les h\u00f4tes et leurs clients. Ils peuvent ainsi s&rsquo;accorder sur les modalit\u00e9s d&rsquo;arriv\u00e9e et de d\u00e9part.<\/p>\n<p>Le d\u00e9part se fait habituellement vers midi, comme dans les h\u00f4tels. Cela vous laisse le temps de nettoyer avant l&rsquo;arriv\u00e9e du prochain voyageur.<\/p>\n<p>Pensez \u00e0 emboucher un professionnel pour faire le m\u00e9nage. N\u2019essayez pas de faire des \u00e9conomies sur la propret\u00e9.<\/p>\n<h3>Logiciel de gestion de location saisonni\u00e8re<\/h3>\n<p>Le logiciel <a href=\"https:\/\/www.rentila.com\">Rentila<\/a> vous donne <b>tous les outils n\u00e9cessaires pour assurer la gestion de vos locations saisonni\u00e8res<\/b>. Gestion des comptes, locataires, synchronisation du calendrier, aide \u00e0 la d\u00e9claration&#8230; Tout y est.<\/p>\n<div class=\"alert alert-success\">\n<h3 class=\"lead\">Comment g\u00e9rer sa location saisonni\u00e8re Airbnb avec Rentila ?<\/h3>\n<p>Vous pouvez g\u00e9rer vos locations saisonni\u00e8res avec l\u2019aide de Rentila. Rendez-vous dans votre compte, rubrique <b>R\u00e9servations<\/b>.<\/p>\n<p>Pour synchroniser vos calendriers avec Airbnb, Tripadvisor, Abritel ou Google calendar, veuillez <a href=\"https:\/\/www.rentila.com\/support\/archives\/1137\" target=\"_blank\" rel=\"noopener noreferrer\">consulter cet article<\/a>.<\/p>\n<\/div>\n<h2 id=\"4\">FAQs<\/h2>\n<h3>Faut-il une autorisation pour louer un logement sur Airbnb ?<\/h3>\n<p>Selon la commune et la nature du logement, une autorisation peut \u00eatre requise. Il peut s\u2019agir d\u2019une simple d\u00e9claration en mairie, de l\u2019obtention d\u2019un num\u00e9ro d\u2019enregistrement ou, dans certaines grandes villes, d\u2019une autorisation de changement d\u2019usage, notamment au-del\u00e0 des plafonds annuels de location.<\/p>\n<h3>Quelles r\u00e8gles s\u2019appliquent en cas de sous-location par un locataire ?<\/h3>\n<p>La sous-location n\u2019est autoris\u00e9e qu\u2019avec l\u2019accord \u00e9crit du propri\u00e9taire. Le loyer demand\u00e9 au sous-locataire ne peut exc\u00e9der celui pay\u00e9 par le locataire principal, au prorata de la surface. La sous-location totale d\u2019un logement social est strictement interdite.<\/p>\n<h3>Comment d\u00e9clarer les revenus issus d\u2019une location saisonni\u00e8re ?<\/h3>\n<p>Les revenus g\u00e9n\u00e9r\u00e9s par une location saisonni\u00e8re sont g\u00e9n\u00e9ralement impos\u00e9s dans la cat\u00e9gorie des B\u00e9n\u00e9fices Industriels et Commerciaux (BIC). Selon le montant des recettes et le type de logement, le r\u00e9gime micro-BIC ou le r\u00e9gime r\u00e9el peut s\u2019appliquer.<\/p>\n<h3>Quelles sont les bonnes pratiques pour une gestion efficace au quotidien ?<\/h3>\n<p>Une gestion efficace repose sur une annonce d\u00e9taill\u00e9e, des photos de qualit\u00e9, un calendrier de disponibilit\u00e9s \u00e0 jour, une communication r\u00e9active avec les voyageurs et une organisation rigoureuse de l\u2019accueil, du m\u00e9nage et des d\u00e9parts.<\/p>\n<h2 id=\"5\">Gestion de location saisonni\u00e8re AirBnB : points essentiels \u00e0 retenir<\/h2>\n<ul>\n<li>Avant toute mise en location, il est indispensable de v\u00e9rifier la r\u00e9glementation locale : d\u00e9claration en mairie, num\u00e9ro d\u2019enregistrement, plafonds annuels de nuit\u00e9es pour la r\u00e9sidence principale et, dans certaines communes, autorisation de changement d\u2019usage.<\/li>\n<li>En cas de sous-location, l\u2019accord \u00e9crit du propri\u00e9taire est g\u00e9n\u00e9ralement obligatoire. Le loyer demand\u00e9 ne peut pas exc\u00e9der celui du bail principal (au prorata), et la sous-location totale d\u2019un logement social est interdite.<\/li>\n<li>Les revenus issus de la location saisonni\u00e8re doivent \u00eatre d\u00e9clar\u00e9s \u00e0 l\u2019administration fiscale, le plus souvent dans la cat\u00e9gorie des BIC, sous le r\u00e9gime micro-BIC ou le r\u00e9gime r\u00e9el selon les montants et la situation.<\/li>\n<li>Une annonce claire et attractive repose sur un descriptif pr\u00e9cis, des photos de qualit\u00e9, une tarification coh\u00e9rente et un calendrier rigoureusement tenu \u00e0 jour, afin d\u2019optimiser les r\u00e9servations et d\u2019\u00e9viter les litiges.<\/li>\n<li>La r\u00e9ussite d\u2019une location saisonni\u00e8re repose sur une organisation rigoureuse : accueil soign\u00e9, logement impeccable, gestion du m\u00e9nage, suivi des \u00e9quipements et pilotage pr\u00e9cis des revenus et des charges.<\/li>\n<\/ul>\n","protected":false},"excerpt":{"rendered":"<p>C&rsquo;est un concept bien ancr\u00e9 aujourd&rsquo;hui dans les usages de certains touristes ou vacanciers: louer une habitation chez un particulier afin d&rsquo;y demeurer pour un cours s\u00e9jour, plut\u00f4t que de demeurer \u00e0 l&rsquo;h\u00f4tel. Depuis la cr\u00e9ation de Airbnb en 2007, plate-forme faisant le lien entre les personnes proposant une partie ou la totalit\u00e9 de leur [&hellip;]<\/p>\n","protected":false},"author":1,"featured_media":0,"comment_status":"closed","ping_status":"closed","sticky":false,"template":"","format":"standard","meta":{"footnotes":""},"categories":[123],"tags":[182,168],"class_list":["post-3445","post","type-post","status-publish","format-standard","hentry","category-conseils","tag-airbnb","tag-location-saisonniere"],"yoast_head":"<!-- This site is optimized with the Yoast SEO plugin v27.4 - https:\/\/yoast.com\/product\/yoast-seo-wordpress\/ -->\n<title>Gestion de location saisonni\u00e8re AirBnB : guide pratique<\/title>\n<meta name=\"description\" content=\"Tout comprendre sur la location saisonni\u00e8re : d\u00e9marches obligatoires, limites de location, fiscalit\u00e9, exon\u00e9rations et bonnes pratiques pour les propri\u00e9taires.\" \/>\n<meta name=\"robots\" content=\"index, follow, max-snippet:-1, max-image-preview:large, max-video-preview:-1\" \/>\n<link rel=\"canonical\" href=\"https:\/\/www.rentila.com\/blog\/2015\/07\/gestion-de-location-saisonniere-airbnb-et-autres-mode-demploi\/\" \/>\n<meta property=\"og:locale\" content=\"fr_FR\" \/>\n<meta property=\"og:type\" content=\"article\" \/>\n<meta property=\"og:title\" content=\"Gestion de location saisonni\u00e8re AirBnB\" \/>\n<meta property=\"og:description\" content=\"C&#039;est un concept bien ancr\u00e9 aujourd&#039;hui dans les usages de certains touristes ou vacanciers: louer une habitation chez un particulier afin d&#039;y demeurer pour un cours s\u00e9jour, plut\u00f4t que de demeurer \u00e0 l&#039;h\u00f4tel. Depuis la cr\u00e9ation de Airbnb en 2007, plate-forme faisant le lien entre les personnes proposant une partie ou la totalit\u00e9 de leur habitation et les vill\u00e9giateurs souhaitant un lieu de r\u00e9sidence temporaire, la demande ne cesse d&#039;aller crescendo, favorisant l&#039;\u00e9mergence d&#039;offres concurrentes, telles que Wimdu, Cybevasion, ou encore MorningCroissant.\" \/>\n<meta property=\"og:url\" content=\"https:\/\/www.rentila.com\/blog\/2015\/07\/gestion-de-location-saisonniere-airbnb-et-autres-mode-demploi\/\" \/>\n<meta property=\"og:site_name\" content=\"Rentila le blog immobilier et gestion locative\" \/>\n<meta property=\"article:published_time\" content=\"2015-07-16T10:32:48+00:00\" \/>\n<meta property=\"article:modified_time\" content=\"2025-12-16T13:58:16+00:00\" \/>\n<meta name=\"author\" content=\"Rentila\" \/>\n<meta name=\"twitter:card\" content=\"summary_large_image\" \/>\n<meta name=\"twitter:label1\" content=\"\u00c9crit par\" \/>\n\t<meta name=\"twitter:data1\" content=\"Rentila\" \/>\n\t<meta name=\"twitter:label2\" content=\"Dur\u00e9e de lecture estim\u00e9e\" \/>\n\t<meta name=\"twitter:data2\" content=\"13 minutes\" \/>\n<script type=\"application\/ld+json\" class=\"yoast-schema-graph\">{\"@context\":\"https:\\\/\\\/schema.org\",\"@graph\":[{\"@type\":\"Article\",\"@id\":\"https:\\\/\\\/www.rentila.com\\\/blog\\\/2015\\\/07\\\/gestion-de-location-saisonniere-airbnb-et-autres-mode-demploi\\\/#article\",\"isPartOf\":{\"@id\":\"https:\\\/\\\/www.rentila.com\\\/blog\\\/2015\\\/07\\\/gestion-de-location-saisonniere-airbnb-et-autres-mode-demploi\\\/\"},\"author\":{\"name\":\"Rentila\",\"@id\":\"https:\\\/\\\/www.rentila.com\\\/blog\\\/#\\\/schema\\\/person\\\/77609e80c041021ec588518135d63c59\"},\"headline\":\"Gestion de location saisonni\u00e8re AirBnB : Mode d&#8217;emploi\",\"datePublished\":\"2015-07-16T10:32:48+00:00\",\"dateModified\":\"2025-12-16T13:58:16+00:00\",\"mainEntityOfPage\":{\"@id\":\"https:\\\/\\\/www.rentila.com\\\/blog\\\/2015\\\/07\\\/gestion-de-location-saisonniere-airbnb-et-autres-mode-demploi\\\/\"},\"wordCount\":2774,\"publisher\":{\"@id\":\"https:\\\/\\\/www.rentila.com\\\/blog\\\/#organization\"},\"image\":{\"@id\":\"https:\\\/\\\/www.rentila.com\\\/blog\\\/2015\\\/07\\\/gestion-de-location-saisonniere-airbnb-et-autres-mode-demploi\\\/#primaryimage\"},\"thumbnailUrl\":\"https:\\\/\\\/www.rentila.com\\\/assets\\\/img\\\/blog\\\/blog_presentation_1.png\",\"keywords\":[\"Airbnb\",\"Location saisonni\u00e8re\"],\"articleSection\":[\"Conseils\"],\"inLanguage\":\"fr-FR\"},{\"@type\":\"WebPage\",\"@id\":\"https:\\\/\\\/www.rentila.com\\\/blog\\\/2015\\\/07\\\/gestion-de-location-saisonniere-airbnb-et-autres-mode-demploi\\\/\",\"url\":\"https:\\\/\\\/www.rentila.com\\\/blog\\\/2015\\\/07\\\/gestion-de-location-saisonniere-airbnb-et-autres-mode-demploi\\\/\",\"name\":\"Gestion de location saisonni\u00e8re AirBnB : guide pratique\",\"isPartOf\":{\"@id\":\"https:\\\/\\\/www.rentila.com\\\/blog\\\/#website\"},\"primaryImageOfPage\":{\"@id\":\"https:\\\/\\\/www.rentila.com\\\/blog\\\/2015\\\/07\\\/gestion-de-location-saisonniere-airbnb-et-autres-mode-demploi\\\/#primaryimage\"},\"image\":{\"@id\":\"https:\\\/\\\/www.rentila.com\\\/blog\\\/2015\\\/07\\\/gestion-de-location-saisonniere-airbnb-et-autres-mode-demploi\\\/#primaryimage\"},\"thumbnailUrl\":\"https:\\\/\\\/www.rentila.com\\\/assets\\\/img\\\/blog\\\/blog_presentation_1.png\",\"datePublished\":\"2015-07-16T10:32:48+00:00\",\"dateModified\":\"2025-12-16T13:58:16+00:00\",\"description\":\"Tout comprendre sur la location saisonni\u00e8re : d\u00e9marches obligatoires, limites de location, fiscalit\u00e9, exon\u00e9rations et bonnes pratiques pour les propri\u00e9taires.\",\"breadcrumb\":{\"@id\":\"https:\\\/\\\/www.rentila.com\\\/blog\\\/2015\\\/07\\\/gestion-de-location-saisonniere-airbnb-et-autres-mode-demploi\\\/#breadcrumb\"},\"inLanguage\":\"fr-FR\",\"potentialAction\":[{\"@type\":\"ReadAction\",\"target\":[\"https:\\\/\\\/www.rentila.com\\\/blog\\\/2015\\\/07\\\/gestion-de-location-saisonniere-airbnb-et-autres-mode-demploi\\\/\"]}]},{\"@type\":\"ImageObject\",\"inLanguage\":\"fr-FR\",\"@id\":\"https:\\\/\\\/www.rentila.com\\\/blog\\\/2015\\\/07\\\/gestion-de-location-saisonniere-airbnb-et-autres-mode-demploi\\\/#primaryimage\",\"url\":\"https:\\\/\\\/www.rentila.com\\\/assets\\\/img\\\/blog\\\/blog_presentation_1.png\",\"contentUrl\":\"https:\\\/\\\/www.rentila.com\\\/assets\\\/img\\\/blog\\\/blog_presentation_1.png\"},{\"@type\":\"BreadcrumbList\",\"@id\":\"https:\\\/\\\/www.rentila.com\\\/blog\\\/2015\\\/07\\\/gestion-de-location-saisonniere-airbnb-et-autres-mode-demploi\\\/#breadcrumb\",\"itemListElement\":[{\"@type\":\"ListItem\",\"position\":1,\"name\":\"Accueil\",\"item\":\"https:\\\/\\\/www.rentila.com\\\/blog\\\/\"},{\"@type\":\"ListItem\",\"position\":2,\"name\":\"Gestion de location saisonni\u00e8re AirBnB : Mode d&#8217;emploi\"}]},{\"@type\":\"WebSite\",\"@id\":\"https:\\\/\\\/www.rentila.com\\\/blog\\\/#website\",\"url\":\"https:\\\/\\\/www.rentila.com\\\/blog\\\/\",\"name\":\"Rentila le blog immobilier et gestion locative\",\"description\":\"Conseils pratiques, actualit\u00e9 immobili\u00e8re\",\"publisher\":{\"@id\":\"https:\\\/\\\/www.rentila.com\\\/blog\\\/#organization\"},\"potentialAction\":[{\"@type\":\"SearchAction\",\"target\":{\"@type\":\"EntryPoint\",\"urlTemplate\":\"https:\\\/\\\/www.rentila.com\\\/blog\\\/?s={search_term_string}\"},\"query-input\":{\"@type\":\"PropertyValueSpecification\",\"valueRequired\":true,\"valueName\":\"search_term_string\"}}],\"inLanguage\":\"fr-FR\"},{\"@type\":\"Organization\",\"@id\":\"https:\\\/\\\/www.rentila.com\\\/blog\\\/#organization\",\"name\":\"Rentila le blog immobilier et gestion locative\",\"url\":\"https:\\\/\\\/www.rentila.com\\\/blog\\\/\",\"logo\":{\"@type\":\"ImageObject\",\"inLanguage\":\"fr-FR\",\"@id\":\"https:\\\/\\\/www.rentila.com\\\/blog\\\/#\\\/schema\\\/logo\\\/image\\\/\",\"url\":\"https:\\\/\\\/www.rentila.com\\\/blog\\\/wp-content\\\/uploads\\\/2015\\\/08\\\/logo_house_256px.png\",\"contentUrl\":\"https:\\\/\\\/www.rentila.com\\\/blog\\\/wp-content\\\/uploads\\\/2015\\\/08\\\/logo_house_256px.png\",\"width\":256,\"height\":256,\"caption\":\"Rentila le blog immobilier et gestion locative\"},\"image\":{\"@id\":\"https:\\\/\\\/www.rentila.com\\\/blog\\\/#\\\/schema\\\/logo\\\/image\\\/\"}},{\"@type\":\"Person\",\"@id\":\"https:\\\/\\\/www.rentila.com\\\/blog\\\/#\\\/schema\\\/person\\\/77609e80c041021ec588518135d63c59\",\"name\":\"Rentila\",\"url\":\"https:\\\/\\\/www.rentila.com\\\/blog\\\/author\\\/admin\\\/\"}]}<\/script>\n<!-- \/ Yoast SEO plugin. -->","yoast_head_json":{"title":"Gestion de location saisonni\u00e8re AirBnB : guide pratique","description":"Tout comprendre sur la location saisonni\u00e8re : d\u00e9marches obligatoires, limites de location, fiscalit\u00e9, exon\u00e9rations et bonnes pratiques pour les propri\u00e9taires.","robots":{"index":"index","follow":"follow","max-snippet":"max-snippet:-1","max-image-preview":"max-image-preview:large","max-video-preview":"max-video-preview:-1"},"canonical":"https:\/\/www.rentila.com\/blog\/2015\/07\/gestion-de-location-saisonniere-airbnb-et-autres-mode-demploi\/","og_locale":"fr_FR","og_type":"article","og_title":"Gestion de location saisonni\u00e8re AirBnB","og_description":"C'est un concept bien ancr\u00e9 aujourd'hui dans les usages de certains touristes ou vacanciers: louer une habitation chez un particulier afin d'y demeurer pour un cours s\u00e9jour, plut\u00f4t que de demeurer \u00e0 l'h\u00f4tel. Depuis la cr\u00e9ation de Airbnb en 2007, plate-forme faisant le lien entre les personnes proposant une partie ou la totalit\u00e9 de leur habitation et les vill\u00e9giateurs souhaitant un lieu de r\u00e9sidence temporaire, la demande ne cesse d'aller crescendo, favorisant l'\u00e9mergence d'offres concurrentes, telles que Wimdu, Cybevasion, ou encore MorningCroissant.","og_url":"https:\/\/www.rentila.com\/blog\/2015\/07\/gestion-de-location-saisonniere-airbnb-et-autres-mode-demploi\/","og_site_name":"Rentila le blog immobilier et gestion locative","article_published_time":"2015-07-16T10:32:48+00:00","article_modified_time":"2025-12-16T13:58:16+00:00","author":"Rentila","twitter_card":"summary_large_image","twitter_misc":{"\u00c9crit par":"Rentila","Dur\u00e9e de lecture estim\u00e9e":"13 minutes"},"schema":{"@context":"https:\/\/schema.org","@graph":[{"@type":"Article","@id":"https:\/\/www.rentila.com\/blog\/2015\/07\/gestion-de-location-saisonniere-airbnb-et-autres-mode-demploi\/#article","isPartOf":{"@id":"https:\/\/www.rentila.com\/blog\/2015\/07\/gestion-de-location-saisonniere-airbnb-et-autres-mode-demploi\/"},"author":{"name":"Rentila","@id":"https:\/\/www.rentila.com\/blog\/#\/schema\/person\/77609e80c041021ec588518135d63c59"},"headline":"Gestion de location saisonni\u00e8re AirBnB : Mode d&#8217;emploi","datePublished":"2015-07-16T10:32:48+00:00","dateModified":"2025-12-16T13:58:16+00:00","mainEntityOfPage":{"@id":"https:\/\/www.rentila.com\/blog\/2015\/07\/gestion-de-location-saisonniere-airbnb-et-autres-mode-demploi\/"},"wordCount":2774,"publisher":{"@id":"https:\/\/www.rentila.com\/blog\/#organization"},"image":{"@id":"https:\/\/www.rentila.com\/blog\/2015\/07\/gestion-de-location-saisonniere-airbnb-et-autres-mode-demploi\/#primaryimage"},"thumbnailUrl":"https:\/\/www.rentila.com\/assets\/img\/blog\/blog_presentation_1.png","keywords":["Airbnb","Location saisonni\u00e8re"],"articleSection":["Conseils"],"inLanguage":"fr-FR"},{"@type":"WebPage","@id":"https:\/\/www.rentila.com\/blog\/2015\/07\/gestion-de-location-saisonniere-airbnb-et-autres-mode-demploi\/","url":"https:\/\/www.rentila.com\/blog\/2015\/07\/gestion-de-location-saisonniere-airbnb-et-autres-mode-demploi\/","name":"Gestion de location saisonni\u00e8re AirBnB : guide pratique","isPartOf":{"@id":"https:\/\/www.rentila.com\/blog\/#website"},"primaryImageOfPage":{"@id":"https:\/\/www.rentila.com\/blog\/2015\/07\/gestion-de-location-saisonniere-airbnb-et-autres-mode-demploi\/#primaryimage"},"image":{"@id":"https:\/\/www.rentila.com\/blog\/2015\/07\/gestion-de-location-saisonniere-airbnb-et-autres-mode-demploi\/#primaryimage"},"thumbnailUrl":"https:\/\/www.rentila.com\/assets\/img\/blog\/blog_presentation_1.png","datePublished":"2015-07-16T10:32:48+00:00","dateModified":"2025-12-16T13:58:16+00:00","description":"Tout comprendre sur la location saisonni\u00e8re : d\u00e9marches obligatoires, limites de location, fiscalit\u00e9, exon\u00e9rations et bonnes pratiques pour les propri\u00e9taires.","breadcrumb":{"@id":"https:\/\/www.rentila.com\/blog\/2015\/07\/gestion-de-location-saisonniere-airbnb-et-autres-mode-demploi\/#breadcrumb"},"inLanguage":"fr-FR","potentialAction":[{"@type":"ReadAction","target":["https:\/\/www.rentila.com\/blog\/2015\/07\/gestion-de-location-saisonniere-airbnb-et-autres-mode-demploi\/"]}]},{"@type":"ImageObject","inLanguage":"fr-FR","@id":"https:\/\/www.rentila.com\/blog\/2015\/07\/gestion-de-location-saisonniere-airbnb-et-autres-mode-demploi\/#primaryimage","url":"https:\/\/www.rentila.com\/assets\/img\/blog\/blog_presentation_1.png","contentUrl":"https:\/\/www.rentila.com\/assets\/img\/blog\/blog_presentation_1.png"},{"@type":"BreadcrumbList","@id":"https:\/\/www.rentila.com\/blog\/2015\/07\/gestion-de-location-saisonniere-airbnb-et-autres-mode-demploi\/#breadcrumb","itemListElement":[{"@type":"ListItem","position":1,"name":"Accueil","item":"https:\/\/www.rentila.com\/blog\/"},{"@type":"ListItem","position":2,"name":"Gestion de location saisonni\u00e8re AirBnB : Mode d&#8217;emploi"}]},{"@type":"WebSite","@id":"https:\/\/www.rentila.com\/blog\/#website","url":"https:\/\/www.rentila.com\/blog\/","name":"Rentila le blog immobilier et gestion locative","description":"Conseils pratiques, actualit\u00e9 immobili\u00e8re","publisher":{"@id":"https:\/\/www.rentila.com\/blog\/#organization"},"potentialAction":[{"@type":"SearchAction","target":{"@type":"EntryPoint","urlTemplate":"https:\/\/www.rentila.com\/blog\/?s={search_term_string}"},"query-input":{"@type":"PropertyValueSpecification","valueRequired":true,"valueName":"search_term_string"}}],"inLanguage":"fr-FR"},{"@type":"Organization","@id":"https:\/\/www.rentila.com\/blog\/#organization","name":"Rentila le blog immobilier et gestion locative","url":"https:\/\/www.rentila.com\/blog\/","logo":{"@type":"ImageObject","inLanguage":"fr-FR","@id":"https:\/\/www.rentila.com\/blog\/#\/schema\/logo\/image\/","url":"https:\/\/www.rentila.com\/blog\/wp-content\/uploads\/2015\/08\/logo_house_256px.png","contentUrl":"https:\/\/www.rentila.com\/blog\/wp-content\/uploads\/2015\/08\/logo_house_256px.png","width":256,"height":256,"caption":"Rentila le blog immobilier et gestion locative"},"image":{"@id":"https:\/\/www.rentila.com\/blog\/#\/schema\/logo\/image\/"}},{"@type":"Person","@id":"https:\/\/www.rentila.com\/blog\/#\/schema\/person\/77609e80c041021ec588518135d63c59","name":"Rentila","url":"https:\/\/www.rentila.com\/blog\/author\/admin\/"}]}},"_links":{"self":[{"href":"https:\/\/www.rentila.com\/blog\/wp-json\/wp\/v2\/posts\/3445","targetHints":{"allow":["GET"]}}],"collection":[{"href":"https:\/\/www.rentila.com\/blog\/wp-json\/wp\/v2\/posts"}],"about":[{"href":"https:\/\/www.rentila.com\/blog\/wp-json\/wp\/v2\/types\/post"}],"author":[{"embeddable":true,"href":"https:\/\/www.rentila.com\/blog\/wp-json\/wp\/v2\/users\/1"}],"replies":[{"embeddable":true,"href":"https:\/\/www.rentila.com\/blog\/wp-json\/wp\/v2\/comments?post=3445"}],"version-history":[{"count":67,"href":"https:\/\/www.rentila.com\/blog\/wp-json\/wp\/v2\/posts\/3445\/revisions"}],"predecessor-version":[{"id":20159,"href":"https:\/\/www.rentila.com\/blog\/wp-json\/wp\/v2\/posts\/3445\/revisions\/20159"}],"wp:attachment":[{"href":"https:\/\/www.rentila.com\/blog\/wp-json\/wp\/v2\/media?parent=3445"}],"wp:term":[{"taxonomy":"category","embeddable":true,"href":"https:\/\/www.rentila.com\/blog\/wp-json\/wp\/v2\/categories?post=3445"},{"taxonomy":"post_tag","embeddable":true,"href":"https:\/\/www.rentila.com\/blog\/wp-json\/wp\/v2\/tags?post=3445"}],"curies":[{"name":"wp","href":"https:\/\/api.w.org\/{rel}","templated":true}]}}