{"id":7397,"date":"2019-03-17T16:33:26","date_gmt":"2019-03-17T14:33:26","guid":{"rendered":"https:\/\/www.rentila.com\/blog\/?p=7397"},"modified":"2023-12-30T18:21:16","modified_gmt":"2023-12-30T16:21:16","slug":"differencier-les-degradations-de-la-vetuste","status":"publish","type":"post","link":"https:\/\/www.rentila.com\/blog\/2019\/03\/differencier-les-degradations-de-la-vetuste\/","title":{"rendered":"Diff\u00e9rencier les d\u00e9gradations de la v\u00e9tust\u00e9"},"content":{"rendered":"<div><img decoding=\"async\" class=\"alignleft size-full wp-image-516\" title=\"documents\" src=\"https:\/\/www.rentila.com\/assets\/img\/blog\/blog_tenants_1.png\" alt=\"D\u00e9gradations et la v\u00e9tust\u00e9\" width=\"100%\" height=\"\" \/><\/div>\n<div class=\"sommaire\">\n<div class=\"phase-content__flag phase-1\">Sommaire<\/div>\n<ol>\n<li><a href=\"https:\/\/www.rentila.com\/blog\/2019\/03\/differencier-les-degradations-de-la-vetuste\/#1\">Ce qu\u2019en dit la loi<\/a><\/li>\n<li><a href=\"https:\/\/www.rentila.com\/blog\/2019\/03\/differencier-les-degradations-de-la-vetuste\/#2\">L\u2019importance de l&rsquo;\u00e9tat des lieux de sortie<\/a><\/li>\n<li><a href=\"https:\/\/www.rentila.com\/blog\/2019\/03\/differencier-les-degradations-de-la-vetuste\/#3\">D\u00e9finir une grille de v\u00e9tust\u00e9<\/a><\/li>\n<li><a href=\"https:\/\/www.rentila.com\/blog\/2019\/03\/differencier-les-degradations-de-la-vetuste\/#4\">Les points importants \u00e0 retenir<\/a><\/li>\n<\/ol>\n<\/div>\n<p class=\"lead\">Au moment de l\u2019\u00e9tat des lieux de sortie d\u2019une maison ou d\u2019un appartement, il est essentiel d\u2019effectuer un compte-rendu de l\u2019\u00e9tat du bien immobilier. N\u00e9anmoins, il existe d\u2019une diff\u00e9rence entre usure normale d\u2019un int\u00e9rieur et d\u00e9gradation, qu\u2019elle soit volontaire ou non par ailleurs. Voici comment diff\u00e9rencier les d\u00e9gradations de v\u00e9tust\u00e9.<\/p>\n<p><!--more--><\/p>\n<h2 id=\"1\">Ce qu\u2019en dit la loi sur les d\u00e9gradations et la v\u00e9tust\u00e9<\/h2>\n<h3>Quelle diff\u00e9rence entre les d\u00e9gradations et la v\u00e9tust\u00e9 ?<\/h3>\n<p>La l\u00e9gislation fran\u00e7aise fait distinctement une diff\u00e9rence entre une d\u00e9gradation et la notion de v\u00e9tust\u00e9 mais la distinction entre les deux reste un peu floue.<\/p>\n<p>Concernant la v\u00e9tust\u00e9, elle se d\u00e9finit comme une <strong>d\u00e9gradation consid\u00e9r\u00e9e \u00e0 un usage normal<\/strong> d\u2019un bien dans le temps. Elle n\u2019est pas \u00e0 la charge du locataire qui paie un loyer pour jouir du bien et occuper un logement.<\/p>\n<p>D\u00e8s lors, \u00e0 la fin du bail de location \u2014 que celle-ci soit meubl\u00e9e ou \u00e0 vide \u2014 les charges en lien avec la remise en \u00e9tat des \u00e9l\u00e9ments v\u00e9tustes reviennent au bailleur et non au locataire.<\/p>\n<p>Pour ce qui est de la d\u00e9gradation, elle revient de la responsabilit\u00e9 du locataire. Elle ne d\u00e9coule pas d\u2019une usure normale dans le temps, mais d\u2019un <strong>manque de soin \u00e9vident<\/strong> ou d\u2019une \u00e9ventuelle inadvertance de sa part.<\/p>\n<p>Le locataire en question doit alors indemniser le propri\u00e9taire bailleur.<\/p>\n<h3>Une loi encore un peu floue<\/h3>\n<p>La distinction entre v\u00e9tust\u00e9 et d\u00e9gradation reste difficile dans certains cas et la l\u00e9gislation en la mati\u00e8re n\u2019est pas toujours tr\u00e8s claire.<\/p>\n<p>En effet, la v\u00e9tust\u00e9 d\u2019un logement demande que l\u2019on d\u00e9termine une sorte d\u2019esp\u00e9rance de vie moyenne et que celle-ci soit \u00e9valu\u00e9e en amont et fix\u00e9e.<\/p>\n<p>Comment <strong>\u00e9valuer la dur\u00e9e de vie d\u2019un \u00e9quipement<\/strong> comme une hotte \u00e9lectrique ou d\u2019une plaque de cuisson par exemple\u2009?<\/p>\n<p>Comment savoir combien de temps va durer la peinture dans votre salle de bain ou combien de temps votre carrelage va tenir dans votre cuisine\u2009?<\/p>\n<p>En 2016, la <strong>loi Alur<\/strong> pr\u00e9voyait d\u2019apporter un peu de lumi\u00e8re sur cette distinction un peu floue. Mais force est de constater qu\u2019il n\u2019est toujours rien \u00e0 ce jour.<\/p>\n<p>Le texte pr\u00e9cise seulement la d\u00e9finition de v\u00e9tust\u00e9s, \u00e0 savoir un \u00ab\u2009\u00e9tat d\u2019usure ou de d\u00e9t\u00e9rioration r\u00e9sultat du temps ou d\u2019un usage normal des mat\u00e9riaux et \u00e9l\u00e9ments d\u2019\u00e9quipement\u2009\u00bb.<\/p>\n<p>Il n\u2019y a aucun d\u00e9tail suppl\u00e9mentaire par rapport \u00e0 ce que l\u2019on savait d\u00e9j\u00e0.<\/p>\n<h2 id=\"2\">De l\u2019importance de faire un \u00e9tat des lieux de sortie<\/h2>\n<p>Lorsque le locataire a pris la d\u00e9cision de quitter son logement et qu\u2019il en a inform\u00e9 son propri\u00e9taire, il est recommand\u00e9 de convenir d\u2019une date \u00e0 laquelle sera effectu\u00e9 un \u00e9tat des lieux de sortie.<\/p>\n<p>Cet \u00e9tat des lieux permet simplement d\u2019effectuer une <strong>v\u00e9rification du logement<\/strong> laiss\u00e9 par son ou ses occupants.<\/p>\n<p>G\u00e9n\u00e9ralement accompli \u00e0 l\u2019amiable, cet examen relativement minutieux permet de relever les possibles d\u00e9gradations faites dans le logement. Lorsque celles-ci sont le fait du locataire, celui-ci doit effectuer les travaux.<\/p>\n<p>Le propri\u00e9taire bailleur peut retenir la somme des travaux correspondant au montant de travaux si le d\u00e9p\u00f4t de garantie couvre les frais.<\/p>\n<p>Il faut alors justifier de cette retenue sur le d\u00e9p\u00f4t de garantie avec des factures de r\u00e9parations ou par la preuve d\u2019achat du remplacement des \u00e9l\u00e9ments endommag\u00e9s.<\/p>\n<p>Quand un locataire occupe un logement un certain temps, il est tout \u00e0 fait normal que les \u00e9quipements s\u2019usent. <strong>On parle d\u2019usage normal<\/strong> du bien.<\/p>\n<p>Concr\u00e8tement, cela concerne principalement les mat\u00e9riaux (parquets, moquettes, peintures, papiers peints) et les \u00e9quipements comme les sanitaires, la robinetterie ou encore les menuiseries.<\/p>\n<p>La d\u00e9gradation est le <strong>fait volontaire et manifeste d\u2019une d\u00e9t\u00e9rioration<\/strong>.<\/p>\n<p>Si le locataire a r\u00e9par\u00e9 son m\u00e9fait et que celui-ci est conforme \u00e0 ses obligations en tant que locataire, il n\u2019est pas tenu d\u2019en informer \u00e0 son propri\u00e9taire. Mais lors de l\u2019\u00e9tat des lieux de sortie, il est toujours pr\u00e9f\u00e9rable d\u2019indiquer les r\u00e9parations effectu\u00e9es.<\/p>\n<h2 id=\"3\">D\u00e9finir une grille de v\u00e9tust\u00e9<\/h2>\n<p>Selon la loi Alur, il est stipul\u00e9, toutefois, qu\u2019une grille de v\u00e9tust\u00e9 peut \u00eatre utilis\u00e9e si le bailleur et le locataire parviennent \u00e0 un accord au moment de la signature du bail.<\/p>\n<p>Cette <strong>grille d\u00e9termine l\u2019usure normale d\u2019un \u00e9quipement<\/strong> dans un bien.<\/p>\n<p>Aujourd\u2019hui, la grille de v\u00e9tust\u00e9 n\u2019est pas obligatoire et il n\u2019existe aucun mod\u00e8le l\u00e9gal auquel se r\u00e9f\u00e9rer. Cette grille s\u2019\u00e9tablit donc de mani\u00e8re arbitraire et indicative.<\/p>\n<p>Ainsi, on retrouve une liste d\u2019\u00e9quipement comme suit :<\/p>\n<ul>\n<li>La plomberie : appareils, canalisation, sanitaires<\/li>\n<li>Le chauffage : radiateurs, appareils de chauffage ou de production d\u2019eau chaude, appareil \u00e9lectrique de chauffage<\/li>\n<li>Le r\u00e9seau \u00e9lectrique<\/li>\n<li>La quincaillerie<\/li>\n<li>La robinetterie : robinet, m\u00e9canisme<\/li>\n<li>Les appareils m\u00e9nagers : dans le cadre d\u2019un logement meubl\u00e9<\/li>\n<li>Les menuiseries int\u00e9rieures et ext\u00e9rieures<\/li>\n<li>Le meuble sous l\u2019\u00e9vier (logement meubl\u00e9)<\/li>\n<li>Le rev\u00eatement de sol : parquet, carrelage, dalles plastiques, etc.<\/li>\n<li>Les peintures et papiers peints : mais aussi volets, stores, persiennes, etc.<\/li>\n<\/ul>\n<p>Ensuite, il faut indiquer clairement la dur\u00e9e de vie, la franchise \u00e9ventuelle, le pourcentage par ann\u00e9e, et enfin la valeur r\u00e9siduelle qui reste \u00e0 la charge du locataire.<\/p>\n<div class=\"alert alert-info m-b-20 m-t-20\">\n<h3 class=\"lead\">Mod\u00e8les de grille de v\u00e9tust\u00e9<\/h3>\n<p><i class=\"fa fa-paperclip\"><\/i> T\u00e9l\u00e9charger gratuitement un <a title=\"Mod\u00e8le de grille de v\u00e9tust\u00e9\" href=\"https:\/\/www.rentila.com\/content\/Models\/Proprietaire\/Grille%20de%20vetuste.doc\" target=\"_blank\" rel=\"noopener noreferrer\">mod\u00e8le de grille de v\u00e9tust\u00e9<\/a><\/p>\n<\/div>\n<p>Bien entendu, cette grille de v\u00e9tust\u00e9 n\u2019est qu\u2019un exemple. Elle d\u00e9termine une <strong>dur\u00e9e de vie th\u00e9orique d\u2019usure<\/strong> par ann\u00e9e.<\/p>\n<p>En fonction de la dur\u00e9e d\u2019utilisation du logement, on calcule alors un taux d\u2019usure naturelle ou normale et on applique ce taux en r\u00e9duction du montant des r\u00e9parations qui sont \u00e0 la charge du locataire.<\/p>\n<div class=\"alert alert-info m-b-20 m-t-20\">\n<h3 class=\"lead\">Exemple : v\u00e9tuste peinture<\/h3>\n<p>Par exemple, on consid\u00e8re que des travaux de peinture sont \u00e0 envisager. Le taux d\u2019abattement est de 15 % chaque ann\u00e9e. Le locataire reste 4 ans dans le logement, cela fait donc une usure totale de 60 %.<br \/>\nSi les travaux de peintures s\u2019\u00e9l\u00e8vent \u00e0 1500 euros, ce qui reste \u00e0 la charge du locataire est de : 1500 \u2013 60 % = 600 \u20ac.<\/p>\n<\/div>\n<p>\u00c0 noter, enfin, qu\u2019il n\u2019y a pas lieu d\u2019appliquer une v\u00e9tust\u00e9 sur la part du locataire si celui-ci quitte le logement durant la p\u00e9riode de franchise qui est pr\u00e9vue dans la grille de v\u00e9tust\u00e9.<\/p>\n<h2 id=\"4\">Les diff\u00e9rences entre les d\u00e9gradations et la v\u00e9tust\u00e9 : ce qu&rsquo;il faut retenir<\/h2>\n<ul>\n<li><strong>Distinction entre d\u00e9gradations et la v\u00e9tust\u00e9<\/strong>\u00a0: La l\u00e9gislation fran\u00e7aise diff\u00e9rencie nettement la v\u00e9tust\u00e9, li\u00e9e \u00e0 l&rsquo;usure normale du temps, de la d\u00e9gradation, qui r\u00e9sulte d&rsquo;un manque de soin ou d&rsquo;une inadvertance de la part du locataire. La v\u00e9tust\u00e9 n&rsquo;est pas \u00e0 la charge du locataire, tandis que la d\u00e9gradation l&rsquo;est.<\/li>\n<li><strong>Manque de clart\u00e9 dans la loi<\/strong> : La loi Alur de 2016 a tent\u00e9 de clarifier cette distinction, mais des zones floues persistent, notamment concernant l&rsquo;\u00e9valuation de la dur\u00e9e de vie des \u00e9quipements et la d\u00e9finition pr\u00e9cise de la v\u00e9tust\u00e9.<\/li>\n<li><strong>Importance de l&rsquo;\u00e9tat des lieux de sortie<\/strong> : Cet \u00e9tat des lieux permet de v\u00e9rifier l&rsquo;\u00e9tat du logement et d&rsquo;identifier les \u00e9ventuelles d\u00e9gradations. Si des d\u00e9gradations sont identifi\u00e9es, le locataire doit effectuer les travaux n\u00e9cessaires ou indemniser le propri\u00e9taire.<\/li>\n<li><strong>Grille de v\u00e9tust\u00e9<\/strong> : Bien que non obligatoire et sans mod\u00e8le l\u00e9gal, une grille de v\u00e9tust\u00e9 peut \u00eatre \u00e9tablie pour d\u00e9terminer l&rsquo;usure normale d&rsquo;un \u00e9quipement. Elle liste divers \u00e9l\u00e9ments comme la plomberie, le chauffage, le r\u00e9seau \u00e9lectrique, etc., et peut inclure la dur\u00e9e de vie, le pourcentage d&rsquo;usure par ann\u00e9e, et la valeur r\u00e9siduelle \u00e0 la charge du locataire.<\/li>\n<li><strong>Exemple d&rsquo;application de la grille de v\u00e9tust\u00e9<\/strong> : L&rsquo;article donne un exemple avec des travaux de peinture, o\u00f9 le taux d&rsquo;abattement annuel est appliqu\u00e9 pour d\u00e9terminer la part de la charge restante pour le locataire.<\/li>\n<li><strong>Absence d&rsquo;application de v\u00e9tust\u00e9 pendant la p\u00e9riode de franchise<\/strong> : Si le locataire quitte le logement pendant la p\u00e9riode de franchise pr\u00e9vue dans la grille de v\u00e9tust\u00e9, aucune v\u00e9tust\u00e9 n&rsquo;est appliqu\u00e9e \u00e0 sa part.<\/li>\n<\/ul>\n","protected":false},"excerpt":{"rendered":"<p>Sommaire Ce qu\u2019en dit la loi L\u2019importance de l&rsquo;\u00e9tat des lieux de sortie D\u00e9finir une grille de v\u00e9tust\u00e9 Les points importants \u00e0 retenir Au moment de l\u2019\u00e9tat des lieux de sortie d\u2019une maison ou d\u2019un appartement, il est essentiel d\u2019effectuer un compte-rendu de l\u2019\u00e9tat du bien immobilier. N\u00e9anmoins, il existe d\u2019une diff\u00e9rence entre usure normale [&hellip;]<\/p>\n","protected":false},"author":1,"featured_media":0,"comment_status":"closed","ping_status":"closed","sticky":false,"template":"","format":"standard","meta":{"footnotes":""},"categories":[123],"tags":[255,163,179,176],"class_list":["post-7397","post","type-post","status-publish","format-standard","hentry","category-conseils","tag-degradations","tag-etat-des-lieux","tag-grille-de-vetuste","tag-vetuste"],"yoast_head":"<!-- This site is optimized with the Yoast SEO plugin v27.4 - https:\/\/yoast.com\/product\/yoast-seo-wordpress\/ -->\n<title>D\u00e9gradations et la v\u00e9tust\u00e9: comment les diff\u00e9rencier<\/title>\n<meta name=\"description\" content=\"Il existe une diff\u00e9rence entre usure normale d\u2019un int\u00e9rieur et d\u00e9gradation. Voici comment diff\u00e9rencier les d\u00e9gradations et la v\u00e9tust\u00e9.\" \/>\n<meta name=\"robots\" content=\"index, follow, max-snippet:-1, max-image-preview:large, max-video-preview:-1\" \/>\n<link rel=\"canonical\" href=\"https:\/\/www.rentila.com\/blog\/2019\/03\/differencier-les-degradations-de-la-vetuste\/\" \/>\n<meta property=\"og:locale\" content=\"fr_FR\" \/>\n<meta property=\"og:type\" content=\"article\" \/>\n<meta property=\"og:title\" content=\"D\u00e9gradations et la v\u00e9tust\u00e9: comment les diff\u00e9rencier\" \/>\n<meta property=\"og:description\" content=\"Il existe une diff\u00e9rence entre usure normale d\u2019un int\u00e9rieur et d\u00e9gradation. Voici comment diff\u00e9rencier les d\u00e9gradations et la v\u00e9tust\u00e9.\" \/>\n<meta property=\"og:url\" content=\"https:\/\/www.rentila.com\/blog\/2019\/03\/differencier-les-degradations-de-la-vetuste\/\" \/>\n<meta property=\"og:site_name\" content=\"Rentila le blog immobilier et gestion locative\" \/>\n<meta property=\"article:published_time\" content=\"2019-03-17T14:33:26+00:00\" \/>\n<meta property=\"article:modified_time\" content=\"2023-12-30T16:21:16+00:00\" \/>\n<meta property=\"og:image\" content=\"https:\/\/www.rentila.com\/assets\/img\/blog\/furniture_1400.png\" \/>\n<meta name=\"author\" content=\"Rentila\" \/>\n<meta name=\"twitter:card\" content=\"summary_large_image\" \/>\n<meta name=\"twitter:label1\" content=\"\u00c9crit par\" \/>\n\t<meta name=\"twitter:data1\" content=\"Rentila\" \/>\n\t<meta name=\"twitter:label2\" content=\"Dur\u00e9e de lecture estim\u00e9e\" \/>\n\t<meta name=\"twitter:data2\" content=\"7 minutes\" \/>\n<script type=\"application\/ld+json\" class=\"yoast-schema-graph\">{\"@context\":\"https:\\\/\\\/schema.org\",\"@graph\":[{\"@type\":\"Article\",\"@id\":\"https:\\\/\\\/www.rentila.com\\\/blog\\\/2019\\\/03\\\/differencier-les-degradations-de-la-vetuste\\\/#article\",\"isPartOf\":{\"@id\":\"https:\\\/\\\/www.rentila.com\\\/blog\\\/2019\\\/03\\\/differencier-les-degradations-de-la-vetuste\\\/\"},\"author\":{\"name\":\"Rentila\",\"@id\":\"https:\\\/\\\/www.rentila.com\\\/blog\\\/#\\\/schema\\\/person\\\/77609e80c041021ec588518135d63c59\"},\"headline\":\"Diff\u00e9rencier les d\u00e9gradations de la v\u00e9tust\u00e9\",\"datePublished\":\"2019-03-17T14:33:26+00:00\",\"dateModified\":\"2023-12-30T16:21:16+00:00\",\"mainEntityOfPage\":{\"@id\":\"https:\\\/\\\/www.rentila.com\\\/blog\\\/2019\\\/03\\\/differencier-les-degradations-de-la-vetuste\\\/\"},\"wordCount\":1464,\"publisher\":{\"@id\":\"https:\\\/\\\/www.rentila.com\\\/blog\\\/#organization\"},\"image\":{\"@id\":\"https:\\\/\\\/www.rentila.com\\\/blog\\\/2019\\\/03\\\/differencier-les-degradations-de-la-vetuste\\\/#primaryimage\"},\"thumbnailUrl\":\"https:\\\/\\\/www.rentila.com\\\/assets\\\/img\\\/blog\\\/blog_tenants_1.png\",\"keywords\":[\"D\u00e9gradations\",\"Etat des lieux\",\"Grille de v\u00e9tust\u00e9\",\"V\u00e9tust\u00e9\"],\"articleSection\":[\"Conseils\"],\"inLanguage\":\"fr-FR\"},{\"@type\":\"WebPage\",\"@id\":\"https:\\\/\\\/www.rentila.com\\\/blog\\\/2019\\\/03\\\/differencier-les-degradations-de-la-vetuste\\\/\",\"url\":\"https:\\\/\\\/www.rentila.com\\\/blog\\\/2019\\\/03\\\/differencier-les-degradations-de-la-vetuste\\\/\",\"name\":\"D\u00e9gradations et la v\u00e9tust\u00e9: comment les diff\u00e9rencier\",\"isPartOf\":{\"@id\":\"https:\\\/\\\/www.rentila.com\\\/blog\\\/#website\"},\"primaryImageOfPage\":{\"@id\":\"https:\\\/\\\/www.rentila.com\\\/blog\\\/2019\\\/03\\\/differencier-les-degradations-de-la-vetuste\\\/#primaryimage\"},\"image\":{\"@id\":\"https:\\\/\\\/www.rentila.com\\\/blog\\\/2019\\\/03\\\/differencier-les-degradations-de-la-vetuste\\\/#primaryimage\"},\"thumbnailUrl\":\"https:\\\/\\\/www.rentila.com\\\/assets\\\/img\\\/blog\\\/blog_tenants_1.png\",\"datePublished\":\"2019-03-17T14:33:26+00:00\",\"dateModified\":\"2023-12-30T16:21:16+00:00\",\"description\":\"Il existe une diff\u00e9rence entre usure normale d\u2019un int\u00e9rieur et d\u00e9gradation. Voici comment diff\u00e9rencier les d\u00e9gradations et la v\u00e9tust\u00e9.\",\"breadcrumb\":{\"@id\":\"https:\\\/\\\/www.rentila.com\\\/blog\\\/2019\\\/03\\\/differencier-les-degradations-de-la-vetuste\\\/#breadcrumb\"},\"inLanguage\":\"fr-FR\",\"potentialAction\":[{\"@type\":\"ReadAction\",\"target\":[\"https:\\\/\\\/www.rentila.com\\\/blog\\\/2019\\\/03\\\/differencier-les-degradations-de-la-vetuste\\\/\"]}]},{\"@type\":\"ImageObject\",\"inLanguage\":\"fr-FR\",\"@id\":\"https:\\\/\\\/www.rentila.com\\\/blog\\\/2019\\\/03\\\/differencier-les-degradations-de-la-vetuste\\\/#primaryimage\",\"url\":\"https:\\\/\\\/www.rentila.com\\\/assets\\\/img\\\/blog\\\/blog_tenants_1.png\",\"contentUrl\":\"https:\\\/\\\/www.rentila.com\\\/assets\\\/img\\\/blog\\\/blog_tenants_1.png\"},{\"@type\":\"BreadcrumbList\",\"@id\":\"https:\\\/\\\/www.rentila.com\\\/blog\\\/2019\\\/03\\\/differencier-les-degradations-de-la-vetuste\\\/#breadcrumb\",\"itemListElement\":[{\"@type\":\"ListItem\",\"position\":1,\"name\":\"Accueil\",\"item\":\"https:\\\/\\\/www.rentila.com\\\/blog\\\/\"},{\"@type\":\"ListItem\",\"position\":2,\"name\":\"Diff\u00e9rencier les d\u00e9gradations de la v\u00e9tust\u00e9\"}]},{\"@type\":\"WebSite\",\"@id\":\"https:\\\/\\\/www.rentila.com\\\/blog\\\/#website\",\"url\":\"https:\\\/\\\/www.rentila.com\\\/blog\\\/\",\"name\":\"Rentila le blog immobilier et gestion locative\",\"description\":\"Conseils pratiques, actualit\u00e9 immobili\u00e8re\",\"publisher\":{\"@id\":\"https:\\\/\\\/www.rentila.com\\\/blog\\\/#organization\"},\"potentialAction\":[{\"@type\":\"SearchAction\",\"target\":{\"@type\":\"EntryPoint\",\"urlTemplate\":\"https:\\\/\\\/www.rentila.com\\\/blog\\\/?s={search_term_string}\"},\"query-input\":{\"@type\":\"PropertyValueSpecification\",\"valueRequired\":true,\"valueName\":\"search_term_string\"}}],\"inLanguage\":\"fr-FR\"},{\"@type\":\"Organization\",\"@id\":\"https:\\\/\\\/www.rentila.com\\\/blog\\\/#organization\",\"name\":\"Rentila le blog immobilier et gestion locative\",\"url\":\"https:\\\/\\\/www.rentila.com\\\/blog\\\/\",\"logo\":{\"@type\":\"ImageObject\",\"inLanguage\":\"fr-FR\",\"@id\":\"https:\\\/\\\/www.rentila.com\\\/blog\\\/#\\\/schema\\\/logo\\\/image\\\/\",\"url\":\"https:\\\/\\\/www.rentila.com\\\/blog\\\/wp-content\\\/uploads\\\/2015\\\/08\\\/logo_house_256px.png\",\"contentUrl\":\"https:\\\/\\\/www.rentila.com\\\/blog\\\/wp-content\\\/uploads\\\/2015\\\/08\\\/logo_house_256px.png\",\"width\":256,\"height\":256,\"caption\":\"Rentila le blog immobilier et gestion locative\"},\"image\":{\"@id\":\"https:\\\/\\\/www.rentila.com\\\/blog\\\/#\\\/schema\\\/logo\\\/image\\\/\"}},{\"@type\":\"Person\",\"@id\":\"https:\\\/\\\/www.rentila.com\\\/blog\\\/#\\\/schema\\\/person\\\/77609e80c041021ec588518135d63c59\",\"name\":\"Rentila\",\"url\":\"https:\\\/\\\/www.rentila.com\\\/blog\\\/author\\\/admin\\\/\"}]}<\/script>\n<!-- \/ Yoast SEO plugin. -->","yoast_head_json":{"title":"D\u00e9gradations et la v\u00e9tust\u00e9: comment les diff\u00e9rencier","description":"Il existe une diff\u00e9rence entre usure normale d\u2019un int\u00e9rieur et d\u00e9gradation. Voici comment diff\u00e9rencier les d\u00e9gradations et la v\u00e9tust\u00e9.","robots":{"index":"index","follow":"follow","max-snippet":"max-snippet:-1","max-image-preview":"max-image-preview:large","max-video-preview":"max-video-preview:-1"},"canonical":"https:\/\/www.rentila.com\/blog\/2019\/03\/differencier-les-degradations-de-la-vetuste\/","og_locale":"fr_FR","og_type":"article","og_title":"D\u00e9gradations et la v\u00e9tust\u00e9: comment les diff\u00e9rencier","og_description":"Il existe une diff\u00e9rence entre usure normale d\u2019un int\u00e9rieur et d\u00e9gradation. Voici comment diff\u00e9rencier les d\u00e9gradations et la v\u00e9tust\u00e9.","og_url":"https:\/\/www.rentila.com\/blog\/2019\/03\/differencier-les-degradations-de-la-vetuste\/","og_site_name":"Rentila le blog immobilier et gestion locative","article_published_time":"2019-03-17T14:33:26+00:00","article_modified_time":"2023-12-30T16:21:16+00:00","og_image":[{"url":"https:\/\/www.rentila.com\/assets\/img\/blog\/furniture_1400.png","type":"","width":"","height":""}],"author":"Rentila","twitter_card":"summary_large_image","twitter_misc":{"\u00c9crit par":"Rentila","Dur\u00e9e de lecture estim\u00e9e":"7 minutes"},"schema":{"@context":"https:\/\/schema.org","@graph":[{"@type":"Article","@id":"https:\/\/www.rentila.com\/blog\/2019\/03\/differencier-les-degradations-de-la-vetuste\/#article","isPartOf":{"@id":"https:\/\/www.rentila.com\/blog\/2019\/03\/differencier-les-degradations-de-la-vetuste\/"},"author":{"name":"Rentila","@id":"https:\/\/www.rentila.com\/blog\/#\/schema\/person\/77609e80c041021ec588518135d63c59"},"headline":"Diff\u00e9rencier les d\u00e9gradations de la v\u00e9tust\u00e9","datePublished":"2019-03-17T14:33:26+00:00","dateModified":"2023-12-30T16:21:16+00:00","mainEntityOfPage":{"@id":"https:\/\/www.rentila.com\/blog\/2019\/03\/differencier-les-degradations-de-la-vetuste\/"},"wordCount":1464,"publisher":{"@id":"https:\/\/www.rentila.com\/blog\/#organization"},"image":{"@id":"https:\/\/www.rentila.com\/blog\/2019\/03\/differencier-les-degradations-de-la-vetuste\/#primaryimage"},"thumbnailUrl":"https:\/\/www.rentila.com\/assets\/img\/blog\/blog_tenants_1.png","keywords":["D\u00e9gradations","Etat des lieux","Grille de v\u00e9tust\u00e9","V\u00e9tust\u00e9"],"articleSection":["Conseils"],"inLanguage":"fr-FR"},{"@type":"WebPage","@id":"https:\/\/www.rentila.com\/blog\/2019\/03\/differencier-les-degradations-de-la-vetuste\/","url":"https:\/\/www.rentila.com\/blog\/2019\/03\/differencier-les-degradations-de-la-vetuste\/","name":"D\u00e9gradations et la v\u00e9tust\u00e9: comment les diff\u00e9rencier","isPartOf":{"@id":"https:\/\/www.rentila.com\/blog\/#website"},"primaryImageOfPage":{"@id":"https:\/\/www.rentila.com\/blog\/2019\/03\/differencier-les-degradations-de-la-vetuste\/#primaryimage"},"image":{"@id":"https:\/\/www.rentila.com\/blog\/2019\/03\/differencier-les-degradations-de-la-vetuste\/#primaryimage"},"thumbnailUrl":"https:\/\/www.rentila.com\/assets\/img\/blog\/blog_tenants_1.png","datePublished":"2019-03-17T14:33:26+00:00","dateModified":"2023-12-30T16:21:16+00:00","description":"Il existe une diff\u00e9rence entre usure normale d\u2019un int\u00e9rieur et d\u00e9gradation. Voici comment diff\u00e9rencier les d\u00e9gradations et la v\u00e9tust\u00e9.","breadcrumb":{"@id":"https:\/\/www.rentila.com\/blog\/2019\/03\/differencier-les-degradations-de-la-vetuste\/#breadcrumb"},"inLanguage":"fr-FR","potentialAction":[{"@type":"ReadAction","target":["https:\/\/www.rentila.com\/blog\/2019\/03\/differencier-les-degradations-de-la-vetuste\/"]}]},{"@type":"ImageObject","inLanguage":"fr-FR","@id":"https:\/\/www.rentila.com\/blog\/2019\/03\/differencier-les-degradations-de-la-vetuste\/#primaryimage","url":"https:\/\/www.rentila.com\/assets\/img\/blog\/blog_tenants_1.png","contentUrl":"https:\/\/www.rentila.com\/assets\/img\/blog\/blog_tenants_1.png"},{"@type":"BreadcrumbList","@id":"https:\/\/www.rentila.com\/blog\/2019\/03\/differencier-les-degradations-de-la-vetuste\/#breadcrumb","itemListElement":[{"@type":"ListItem","position":1,"name":"Accueil","item":"https:\/\/www.rentila.com\/blog\/"},{"@type":"ListItem","position":2,"name":"Diff\u00e9rencier les d\u00e9gradations de la v\u00e9tust\u00e9"}]},{"@type":"WebSite","@id":"https:\/\/www.rentila.com\/blog\/#website","url":"https:\/\/www.rentila.com\/blog\/","name":"Rentila le blog immobilier et gestion locative","description":"Conseils pratiques, actualit\u00e9 immobili\u00e8re","publisher":{"@id":"https:\/\/www.rentila.com\/blog\/#organization"},"potentialAction":[{"@type":"SearchAction","target":{"@type":"EntryPoint","urlTemplate":"https:\/\/www.rentila.com\/blog\/?s={search_term_string}"},"query-input":{"@type":"PropertyValueSpecification","valueRequired":true,"valueName":"search_term_string"}}],"inLanguage":"fr-FR"},{"@type":"Organization","@id":"https:\/\/www.rentila.com\/blog\/#organization","name":"Rentila le blog immobilier et gestion locative","url":"https:\/\/www.rentila.com\/blog\/","logo":{"@type":"ImageObject","inLanguage":"fr-FR","@id":"https:\/\/www.rentila.com\/blog\/#\/schema\/logo\/image\/","url":"https:\/\/www.rentila.com\/blog\/wp-content\/uploads\/2015\/08\/logo_house_256px.png","contentUrl":"https:\/\/www.rentila.com\/blog\/wp-content\/uploads\/2015\/08\/logo_house_256px.png","width":256,"height":256,"caption":"Rentila le blog immobilier et gestion locative"},"image":{"@id":"https:\/\/www.rentila.com\/blog\/#\/schema\/logo\/image\/"}},{"@type":"Person","@id":"https:\/\/www.rentila.com\/blog\/#\/schema\/person\/77609e80c041021ec588518135d63c59","name":"Rentila","url":"https:\/\/www.rentila.com\/blog\/author\/admin\/"}]}},"_links":{"self":[{"href":"https:\/\/www.rentila.com\/blog\/wp-json\/wp\/v2\/posts\/7397","targetHints":{"allow":["GET"]}}],"collection":[{"href":"https:\/\/www.rentila.com\/blog\/wp-json\/wp\/v2\/posts"}],"about":[{"href":"https:\/\/www.rentila.com\/blog\/wp-json\/wp\/v2\/types\/post"}],"author":[{"embeddable":true,"href":"https:\/\/www.rentila.com\/blog\/wp-json\/wp\/v2\/users\/1"}],"replies":[{"embeddable":true,"href":"https:\/\/www.rentila.com\/blog\/wp-json\/wp\/v2\/comments?post=7397"}],"version-history":[{"count":16,"href":"https:\/\/www.rentila.com\/blog\/wp-json\/wp\/v2\/posts\/7397\/revisions"}],"predecessor-version":[{"id":15497,"href":"https:\/\/www.rentila.com\/blog\/wp-json\/wp\/v2\/posts\/7397\/revisions\/15497"}],"wp:attachment":[{"href":"https:\/\/www.rentila.com\/blog\/wp-json\/wp\/v2\/media?parent=7397"}],"wp:term":[{"taxonomy":"category","embeddable":true,"href":"https:\/\/www.rentila.com\/blog\/wp-json\/wp\/v2\/categories?post=7397"},{"taxonomy":"post_tag","embeddable":true,"href":"https:\/\/www.rentila.com\/blog\/wp-json\/wp\/v2\/tags?post=7397"}],"curies":[{"name":"wp","href":"https:\/\/api.w.org\/{rel}","templated":true}]}}