{"id":1014,"date":"2016-06-03T16:27:12","date_gmt":"2016-06-03T14:27:12","guid":{"rendered":"http:\/\/support.rentila.com\/?p=1014"},"modified":"2025-06-17T16:34:25","modified_gmt":"2025-06-17T14:34:25","slug":"facturer-depense-locataire","status":"publish","type":"post","link":"https:\/\/www.rentila.com\/support\/archives\/1014","title":{"rendered":"Facturer une d\u00e9pense au locataire"},"content":{"rendered":"<p>Il existe trois solutions qui permettent de g\u00e9rer efficacement les d\u00e9penses factur\u00e9es au locataire et de produire des re\u00e7us pour les montants r\u00e9cup\u00e9rables: r\u00e9cup\u00e9rer avec la r\u00e9gularisation des charges, inclure avec un loyer ou facturer s\u00e9par\u00e9ment.<\/p>\n<h3>R\u00e9cup\u00e9rer une charge via la r\u00e9gularisation charges locatives<\/h3>\n<p>Si vous souhaitez r\u00e9cup\u00e9rer une d\u00e9pense (qui fait partie des charges locatives r\u00e9cup\u00e9rables) avec la r\u00e9gularisation des charges, proc\u00e9dez comme suit :<\/p>\n<ol>\n<li>Cr\u00e9ez une d\u00e9pense de type \u00ab\u00a0Charge r\u00e9cup\u00e9rable\u00a0\u00bb dans la rubrique \u00ab\u00a0Finances\u00a0\u00bb.<\/li>\n<li>Lors de la r\u00e9gularisation des charges, cette d\u00e9pense sera demand\u00e9e au locataire.<\/li>\n<\/ol>\n<h3>Ajouter comme autre charge sur une loyer<\/h3>\n<p>Si vous souhaitez facturer cette d\u00e9pense et l&rsquo;ajouter comme une autre charge \u00e0 r\u00e9gler avec un loyer, suivez ces \u00e9tapes :<\/p>\n<ol>\n<li>Allez dans la rubrique \u00ab\u00a0Finances\u00a0\u00bb.<\/li>\n<li>Modifiez le loyer auquel vous souhaitez ajouter cette charge.<\/li>\n<li>Ajoutez le montant dans la ligne \u00ab\u00a0Autre paiement\u00a0\u00bb. Le montant sera ajout\u00e9 \u00e0 l&rsquo;\u00e9ch\u00e9ance du loyer.<\/li>\n<\/ol>\n<h3>Demander un remboursement ponctuel et cr\u00e9er un revenu dans Finances<\/h3>\n<p>Pour cr\u00e9er un revenu dans la rubrique \u00ab\u00a0Finances\u00a0\u00bb et produire un avis de paiement, effectuez les actions suivantes :<\/p>\n<ol>\n<li>Acc\u00e9dez \u00e0 la rubrique \u00ab\u00a0Finances\u00a0\u00bb.<\/li>\n<li>S\u00e9lectionnez \u00ab\u00a0Ajouter un revenu\u00a0\u00bb en sp\u00e9cifiant les d\u00e9tails du revenu.<\/li>\n<li>Un avis de paiement sera g\u00e9n\u00e9r\u00e9 pour ce montant r\u00e9cup\u00e9rable.<\/li>\n<\/ol>\n","protected":false},"excerpt":{"rendered":"<p>Il existe trois solutions qui permettent de g\u00e9rer efficacement les d\u00e9penses factur\u00e9es au locataire et de produire des re\u00e7us pour les montants r\u00e9cup\u00e9rables: r\u00e9cup\u00e9rer avec la r\u00e9gularisation des charges, inclure avec un loyer ou facturer s\u00e9par\u00e9ment. R\u00e9cup\u00e9rer une charge via la r\u00e9gularisation charges locatives Si vous souhaitez r\u00e9cup\u00e9rer une d\u00e9pense (qui fait partie des charges<\/p>\n","protected":false},"author":1,"featured_media":0,"comment_status":"closed","ping_status":"closed","sticky":false,"template":"","format":"standard","meta":{"footnotes":""},"categories":[9],"tags":[129,21,40],"class_list":["post-1014","post","type-post","status-publish","format-standard","hentry","category-finances","tag-autres-paiements","tag-quittance","tag-regularisation-des-charges"],"yoast_head":"<!-- This site is optimized with the Yoast SEO plugin v27.3 - https:\/\/yoast.com\/product\/yoast-seo-wordpress\/ -->\n<title>Facturer une d\u00e9pense au locataire Centre d&#039;aide et de support - Rentila.com<\/title>\n<meta name=\"robots\" content=\"index, follow, max-snippet:-1, max-image-preview:large, max-video-preview:-1\" \/>\n<link rel=\"canonical\" href=\"https:\/\/www.rentila.com\/support\/archives\/1014\" \/>\n<meta property=\"og:locale\" content=\"fr_FR\" \/>\n<meta property=\"og:type\" content=\"article\" \/>\n<meta property=\"og:title\" content=\"Facturer une d\u00e9pense au locataire Centre d&#039;aide et de support - Rentila.com\" \/>\n<meta property=\"og:description\" content=\"Il existe trois solutions qui permettent de g\u00e9rer efficacement les d\u00e9penses factur\u00e9es au locataire et de produire des re\u00e7us pour les montants r\u00e9cup\u00e9rables: r\u00e9cup\u00e9rer avec la r\u00e9gularisation des charges, inclure avec un loyer ou facturer s\u00e9par\u00e9ment. R\u00e9cup\u00e9rer une charge via la r\u00e9gularisation charges locatives Si vous souhaitez r\u00e9cup\u00e9rer une d\u00e9pense (qui fait partie des charges\" \/>\n<meta property=\"og:url\" content=\"https:\/\/www.rentila.com\/support\/archives\/1014\" \/>\n<meta property=\"og:site_name\" content=\"Centre d&#039;aide et de support - Rentila.com\" \/>\n<meta property=\"article:published_time\" content=\"2016-06-03T14:27:12+00:00\" \/>\n<meta property=\"article:modified_time\" content=\"2025-06-17T14:34:25+00:00\" \/>\n<meta name=\"author\" content=\"admin\" \/>\n<meta name=\"twitter:card\" content=\"summary_large_image\" \/>\n<meta name=\"twitter:label1\" content=\"\u00c9crit par\" \/>\n\t<meta name=\"twitter:data1\" content=\"admin\" \/>\n\t<meta name=\"twitter:label2\" content=\"Dur\u00e9e de lecture estim\u00e9e\" \/>\n\t<meta name=\"twitter:data2\" content=\"2 minutes\" \/>\n<script type=\"application\/ld+json\" class=\"yoast-schema-graph\">{\"@context\":\"https:\\\/\\\/schema.org\",\"@graph\":[{\"@type\":\"Article\",\"@id\":\"https:\\\/\\\/www.rentila.com\\\/support\\\/archives\\\/1014#article\",\"isPartOf\":{\"@id\":\"https:\\\/\\\/www.rentila.com\\\/support\\\/archives\\\/1014\"},\"author\":{\"name\":\"admin\",\"@id\":\"https:\\\/\\\/www.rentila.com\\\/support\\\/#\\\/schema\\\/person\\\/c0094df56ca8dca38f7718edecf9465c\"},\"headline\":\"Facturer une d\u00e9pense au locataire\",\"datePublished\":\"2016-06-03T14:27:12+00:00\",\"dateModified\":\"2025-06-17T14:34:25+00:00\",\"mainEntityOfPage\":{\"@id\":\"https:\\\/\\\/www.rentila.com\\\/support\\\/archives\\\/1014\"},\"wordCount\":243,\"keywords\":[\"Autres paiements\",\"Quittance\",\"R\u00e9gularisation des charges\"],\"articleSection\":[\"Finances\"],\"inLanguage\":\"fr-FR\"},{\"@type\":\"WebPage\",\"@id\":\"https:\\\/\\\/www.rentila.com\\\/support\\\/archives\\\/1014\",\"url\":\"https:\\\/\\\/www.rentila.com\\\/support\\\/archives\\\/1014\",\"name\":\"Facturer une d\u00e9pense au locataire Centre d&#039;aide et de support - Rentila.com\",\"isPartOf\":{\"@id\":\"https:\\\/\\\/www.rentila.com\\\/support\\\/#website\"},\"datePublished\":\"2016-06-03T14:27:12+00:00\",\"dateModified\":\"2025-06-17T14:34:25+00:00\",\"author\":{\"@id\":\"https:\\\/\\\/www.rentila.com\\\/support\\\/#\\\/schema\\\/person\\\/c0094df56ca8dca38f7718edecf9465c\"},\"breadcrumb\":{\"@id\":\"https:\\\/\\\/www.rentila.com\\\/support\\\/archives\\\/1014#breadcrumb\"},\"inLanguage\":\"fr-FR\",\"potentialAction\":[{\"@type\":\"ReadAction\",\"target\":[\"https:\\\/\\\/www.rentila.com\\\/support\\\/archives\\\/1014\"]}]},{\"@type\":\"BreadcrumbList\",\"@id\":\"https:\\\/\\\/www.rentila.com\\\/support\\\/archives\\\/1014#breadcrumb\",\"itemListElement\":[{\"@type\":\"ListItem\",\"position\":1,\"name\":\"Accueil\",\"item\":\"https:\\\/\\\/www.rentila.com\\\/support\\\/\"},{\"@type\":\"ListItem\",\"position\":2,\"name\":\"Facturer une d\u00e9pense au locataire\"}]},{\"@type\":\"WebSite\",\"@id\":\"https:\\\/\\\/www.rentila.com\\\/support\\\/#website\",\"url\":\"https:\\\/\\\/www.rentila.com\\\/support\\\/\",\"name\":\"Centre d&#039;aide et de support - Rentila.com\",\"description\":\"\",\"potentialAction\":[{\"@type\":\"SearchAction\",\"target\":{\"@type\":\"EntryPoint\",\"urlTemplate\":\"https:\\\/\\\/www.rentila.com\\\/support\\\/?s={search_term_string}\"},\"query-input\":{\"@type\":\"PropertyValueSpecification\",\"valueRequired\":true,\"valueName\":\"search_term_string\"}}],\"inLanguage\":\"fr-FR\"},{\"@type\":\"Person\",\"@id\":\"https:\\\/\\\/www.rentila.com\\\/support\\\/#\\\/schema\\\/person\\\/c0094df56ca8dca38f7718edecf9465c\",\"name\":\"admin\",\"image\":{\"@type\":\"ImageObject\",\"inLanguage\":\"fr-FR\",\"@id\":\"https:\\\/\\\/secure.gravatar.com\\\/avatar\\\/20e4a7d3e81bf2b540f56b8c153cb632e62dc95802d33694aa38846415dc20d1?s=96&d=mm&r=g\",\"url\":\"https:\\\/\\\/secure.gravatar.com\\\/avatar\\\/20e4a7d3e81bf2b540f56b8c153cb632e62dc95802d33694aa38846415dc20d1?s=96&d=mm&r=g\",\"contentUrl\":\"https:\\\/\\\/secure.gravatar.com\\\/avatar\\\/20e4a7d3e81bf2b540f56b8c153cb632e62dc95802d33694aa38846415dc20d1?s=96&d=mm&r=g\",\"caption\":\"admin\"},\"url\":\"https:\\\/\\\/www.rentila.com\\\/support\\\/archives\\\/author\\\/admin\"}]}<\/script>\n<!-- \/ Yoast SEO plugin. -->","yoast_head_json":{"title":"Facturer une d\u00e9pense au locataire Centre d&#039;aide et de support - Rentila.com","robots":{"index":"index","follow":"follow","max-snippet":"max-snippet:-1","max-image-preview":"max-image-preview:large","max-video-preview":"max-video-preview:-1"},"canonical":"https:\/\/www.rentila.com\/support\/archives\/1014","og_locale":"fr_FR","og_type":"article","og_title":"Facturer une d\u00e9pense au locataire Centre d&#039;aide et de support - Rentila.com","og_description":"Il existe trois solutions qui permettent de g\u00e9rer efficacement les d\u00e9penses factur\u00e9es au locataire et de produire des re\u00e7us pour les montants r\u00e9cup\u00e9rables: r\u00e9cup\u00e9rer avec la r\u00e9gularisation des charges, inclure avec un loyer ou facturer s\u00e9par\u00e9ment. R\u00e9cup\u00e9rer une charge via la r\u00e9gularisation charges locatives Si vous souhaitez r\u00e9cup\u00e9rer une d\u00e9pense (qui fait partie des charges","og_url":"https:\/\/www.rentila.com\/support\/archives\/1014","og_site_name":"Centre d&#039;aide et de support - Rentila.com","article_published_time":"2016-06-03T14:27:12+00:00","article_modified_time":"2025-06-17T14:34:25+00:00","author":"admin","twitter_card":"summary_large_image","twitter_misc":{"\u00c9crit par":"admin","Dur\u00e9e de lecture estim\u00e9e":"2 minutes"},"schema":{"@context":"https:\/\/schema.org","@graph":[{"@type":"Article","@id":"https:\/\/www.rentila.com\/support\/archives\/1014#article","isPartOf":{"@id":"https:\/\/www.rentila.com\/support\/archives\/1014"},"author":{"name":"admin","@id":"https:\/\/www.rentila.com\/support\/#\/schema\/person\/c0094df56ca8dca38f7718edecf9465c"},"headline":"Facturer une d\u00e9pense au locataire","datePublished":"2016-06-03T14:27:12+00:00","dateModified":"2025-06-17T14:34:25+00:00","mainEntityOfPage":{"@id":"https:\/\/www.rentila.com\/support\/archives\/1014"},"wordCount":243,"keywords":["Autres paiements","Quittance","R\u00e9gularisation des charges"],"articleSection":["Finances"],"inLanguage":"fr-FR"},{"@type":"WebPage","@id":"https:\/\/www.rentila.com\/support\/archives\/1014","url":"https:\/\/www.rentila.com\/support\/archives\/1014","name":"Facturer une d\u00e9pense au locataire Centre d&#039;aide et de support - Rentila.com","isPartOf":{"@id":"https:\/\/www.rentila.com\/support\/#website"},"datePublished":"2016-06-03T14:27:12+00:00","dateModified":"2025-06-17T14:34:25+00:00","author":{"@id":"https:\/\/www.rentila.com\/support\/#\/schema\/person\/c0094df56ca8dca38f7718edecf9465c"},"breadcrumb":{"@id":"https:\/\/www.rentila.com\/support\/archives\/1014#breadcrumb"},"inLanguage":"fr-FR","potentialAction":[{"@type":"ReadAction","target":["https:\/\/www.rentila.com\/support\/archives\/1014"]}]},{"@type":"BreadcrumbList","@id":"https:\/\/www.rentila.com\/support\/archives\/1014#breadcrumb","itemListElement":[{"@type":"ListItem","position":1,"name":"Accueil","item":"https:\/\/www.rentila.com\/support\/"},{"@type":"ListItem","position":2,"name":"Facturer une d\u00e9pense au locataire"}]},{"@type":"WebSite","@id":"https:\/\/www.rentila.com\/support\/#website","url":"https:\/\/www.rentila.com\/support\/","name":"Centre d&#039;aide et de support - Rentila.com","description":"","potentialAction":[{"@type":"SearchAction","target":{"@type":"EntryPoint","urlTemplate":"https:\/\/www.rentila.com\/support\/?s={search_term_string}"},"query-input":{"@type":"PropertyValueSpecification","valueRequired":true,"valueName":"search_term_string"}}],"inLanguage":"fr-FR"},{"@type":"Person","@id":"https:\/\/www.rentila.com\/support\/#\/schema\/person\/c0094df56ca8dca38f7718edecf9465c","name":"admin","image":{"@type":"ImageObject","inLanguage":"fr-FR","@id":"https:\/\/secure.gravatar.com\/avatar\/20e4a7d3e81bf2b540f56b8c153cb632e62dc95802d33694aa38846415dc20d1?s=96&d=mm&r=g","url":"https:\/\/secure.gravatar.com\/avatar\/20e4a7d3e81bf2b540f56b8c153cb632e62dc95802d33694aa38846415dc20d1?s=96&d=mm&r=g","contentUrl":"https:\/\/secure.gravatar.com\/avatar\/20e4a7d3e81bf2b540f56b8c153cb632e62dc95802d33694aa38846415dc20d1?s=96&d=mm&r=g","caption":"admin"},"url":"https:\/\/www.rentila.com\/support\/archives\/author\/admin"}]}},"_links":{"self":[{"href":"https:\/\/www.rentila.com\/support\/wp-json\/wp\/v2\/posts\/1014","targetHints":{"allow":["GET"]}}],"collection":[{"href":"https:\/\/www.rentila.com\/support\/wp-json\/wp\/v2\/posts"}],"about":[{"href":"https:\/\/www.rentila.com\/support\/wp-json\/wp\/v2\/types\/post"}],"author":[{"embeddable":true,"href":"https:\/\/www.rentila.com\/support\/wp-json\/wp\/v2\/users\/1"}],"replies":[{"embeddable":true,"href":"https:\/\/www.rentila.com\/support\/wp-json\/wp\/v2\/comments?post=1014"}],"version-history":[{"count":11,"href":"https:\/\/www.rentila.com\/support\/wp-json\/wp\/v2\/posts\/1014\/revisions"}],"predecessor-version":[{"id":7217,"href":"https:\/\/www.rentila.com\/support\/wp-json\/wp\/v2\/posts\/1014\/revisions\/7217"}],"wp:attachment":[{"href":"https:\/\/www.rentila.com\/support\/wp-json\/wp\/v2\/media?parent=1014"}],"wp:term":[{"taxonomy":"category","embeddable":true,"href":"https:\/\/www.rentila.com\/support\/wp-json\/wp\/v2\/categories?post=1014"},{"taxonomy":"post_tag","embeddable":true,"href":"https:\/\/www.rentila.com\/support\/wp-json\/wp\/v2\/tags?post=1014"}],"curies":[{"name":"wp","href":"https:\/\/api.w.org\/{rel}","templated":true}]}}