{"id":96,"date":"2014-05-08T22:01:42","date_gmt":"2014-05-08T20:01:42","guid":{"rendered":"http:\/\/support.rentila.com\/?p=96"},"modified":"2025-12-13T17:04:51","modified_gmt":"2025-12-13T16:04:51","slug":"bilan-financier","status":"publish","type":"post","link":"https:\/\/www.rentila.com\/support\/archives\/96","title":{"rendered":"Bilan financier et aide \u00e0 la d\u00e9claration"},"content":{"rendered":"<p>Dans cette section, Rentila g\u00e9n\u00e8re un bilan financier pour vous aider dans le cadre de votre d\u00e9claration d\u2019imp\u00f4ts (notamment pour les <strong>revenus fonciers<\/strong> d\u00e9clar\u00e9s au r\u00e9el).<\/p>\n<p>Un tableau r\u00e9capitulatif vous fournit un r\u00e9sum\u00e9 des \u00e9l\u00e9ments suivants :<\/p>\n<ul>\n<li>Les <strong>revenus imposables<\/strong> per\u00e7us,<\/li>\n<li>Les <strong>charges d\u00e9ductibles<\/strong>,<\/li>\n<li>Le <strong>r\u00e9sultat imposable<\/strong>.<\/li>\n<\/ul>\n<p>Ce tableau est con\u00e7u pour vous offrir une vue d\u2019ensemble de ces informations financi\u00e8res.<\/p>\n<p>Vous avez la possibilit\u00e9 de filtrer les enregistrements en utilisant diff\u00e9rents crit\u00e8res tels que l\u2019ann\u00e9e, le propri\u00e9taire ou le bien.<\/p>\n<p>De plus, vous pouvez exporter vos enregistrements en utilisant l\u2019action \u00ab&nbsp;Export&nbsp;\u00bb situ\u00e9e en bas du tableau.<\/p>\n<h3>D\u00e9tail des revenus et d\u00e9penses<\/h3>\n<p><strong>Recettes : Loyers bruts encaiss\u00e9s (sans charges locatives)<\/strong><br \/>\nIl s\u2019agit de la somme des encaissements de loyers nus (hors provisions pour charges locatives) re\u00e7us au cours de l\u2019ann\u00e9e. Si vous \u00eates assujetti \u00e0 la TVA, les recettes doivent \u00eatre d\u00e9clar\u00e9es hors TVA.<\/p>\n<p><strong>Frais et charges : Charges d\u00e9ductibles \u2013 Frais de gestion et d\u2019administration<\/strong><br \/>\nCela englobe les frais de gestion et d\u2019administration pay\u00e9s au cours de l\u2019ann\u00e9e, tels que les r\u00e9mun\u00e9rations des gardiens et concierges, les r\u00e9mun\u00e9rations, honoraires et commissions vers\u00e9s \u00e0 des tiers, ainsi que les frais de proc\u00e9dure.<\/p>\n<p><strong>Frais et charges : Charges d\u00e9ductibles \u2013 Autres frais de gestion<\/strong><br \/>\nCes frais de gestion sont d\u00e9ductibles selon un forfait de 20&nbsp;\u20ac par local.<\/p>\n<p><strong>Frais et charges : Charges d\u00e9ductibles \u2013 Primes d\u2019assurance<\/strong><br \/>\nToutes les primes d\u2019assurance que vous avez souscrites sont d\u00e9ductibles, y compris celles souscrites dans le cadre d\u2019un contrat de groupe.<\/p>\n<p><strong>Frais et charges : Charges d\u00e9ductibles \u2013 D\u00e9penses de r\u00e9paration, d\u2019entretien et d\u2019am\u00e9lioration<\/strong><br \/>\nLes d\u00e9penses de r\u00e9paration, d\u2019entretien et d\u2019am\u00e9lioration que vous avez acquitt\u00e9es au cours de l\u2019ann\u00e9e sont d\u00e9ductibles, \u00e0 l\u2019exception des d\u00e9penses li\u00e9es aux travaux de construction, de reconstruction ou d\u2019agrandissement.<\/p>\n<p><strong>Frais et charges : Charges d\u00e9ductibles \u2013 Charges r\u00e9cup\u00e9rables non r\u00e9cup\u00e9r\u00e9es au d\u00e9part du locataire<\/strong><br \/>\nIl s\u2019agit des d\u00e9penses normalement \u00e0 la charge du locataire que vous avez r\u00e9gl\u00e9es en son nom (par exemple : frais de chauffage, d\u2019\u00e9clairage, entretien des ascenseurs, taxes de balayage, ordures m\u00e9nag\u00e8res, location de compteur, etc.). Si vous n\u2019avez pas pu obtenir le remboursement de ces charges au 31 d\u00e9cembre de l\u2019ann\u00e9e du d\u00e9part du locataire, elles sont d\u00e9ductibles. Ces charges peuvent avoir \u00e9t\u00e9 engag\u00e9es tant l\u2019ann\u00e9e du d\u00e9part du locataire que les ann\u00e9es pr\u00e9c\u00e9dentes depuis son entr\u00e9e dans le logement.<\/p>\n<p><strong>Frais et charges : Charges d\u00e9ductibles \u2013 Indemnit\u00e9s d\u2019\u00e9viction, frais de relogement<\/strong><br \/>\nLes indemnit\u00e9s d\u2019\u00e9viction vers\u00e9es par le propri\u00e9taire sont d\u00e9ductibles lorsqu\u2019elles ont pour but de lib\u00e9rer les locaux en vue de les relouer dans de meilleures conditions.<\/p>\n<p><strong>Frais et charges : Charges d\u00e9ductibles \u2013 Taxes et imp\u00f4ts<\/strong><br \/>\nSont d\u00e9ductibles les imp\u00f4ts per\u00e7us au profit des collectivit\u00e9s locales et d\u2019organismes divers sur les propri\u00e9t\u00e9s dont les revenus sont d\u00e9clar\u00e9s.<br \/>\n<strong>Important :<\/strong> la taxe d\u2019enl\u00e8vement des ordures m\u00e9nag\u00e8res (TEOM), bien qu\u2019indiqu\u00e9e sur l\u2019avis de taxe fonci\u00e8re, est en principe <strong>r\u00e9cup\u00e9rable aupr\u00e8s du locataire<\/strong> et n\u2019est donc <strong>pas d\u00e9ductible<\/strong> au titre des imp\u00f4ts. En revanche, si elle n\u2019a pas pu \u00eatre r\u00e9cup\u00e9r\u00e9e, elle peut relever de la rubrique \u00ab&nbsp;Charges r\u00e9cup\u00e9rables non r\u00e9cup\u00e9r\u00e9es&nbsp;\u00bb selon votre situation.<\/p>\n<p><strong>Frais et charges : Charges d\u00e9ductibles \u2013 Int\u00e9r\u00eats d\u2019emprunt<\/strong><br \/>\nLes int\u00e9r\u00eats pay\u00e9s au cours de l\u2019ann\u00e9e au titre des emprunts contract\u00e9s pour l\u2019acquisition, la conservation, la (re)construction, l\u2019agrandissement, la r\u00e9paration ou l\u2019am\u00e9lioration des biens immobiliers donn\u00e9s en location sont d\u00e9ductibles. Le remboursement du principal ne doit pas \u00eatre inclus.<br \/>\nVous pouvez trouver le montant des int\u00e9r\u00eats annuels dans la section \u00ab&nbsp;Mes cr\u00e9dits&nbsp;\u00bb. Calculez ensuite le montant correspondant \u00e0 votre situation fiscale et ajoutez-le comme une nouvelle d\u00e9pense de type \u00ab&nbsp;Cr\u00e9dit : Int\u00e9r\u00eats d\u2019emprunt&nbsp;\u00bb pour qu\u2019il apparaisse dans le Bilan.<\/p>\n<div class=\"alert alert-info\">\n<h3 class=\"lead block\">D\u00e9duction des primes d\u2019assurance li\u00e9es \u00e0 la souscription d\u2019un emprunt<\/h3>\n<p>Le contribuable devra, en pratique, d\u00e9clarer les primes d\u2019assurance li\u00e9es \u00e0 la souscription d\u2019un emprunt sur la ligne aff\u00e9rente aux int\u00e9r\u00eats d\u2019emprunt des d\u00e9clarations n\u00b0&nbsp;2044, n\u00b0&nbsp;2044 sp\u00e9ciale ou n\u00b0&nbsp;2072.<\/p>\n<p><a href=\"https:\/\/bofip.impots.gouv.fr\/bofip\/5807-PGP\" target=\"_blank\" rel=\"noopener noreferrer\">Source<\/a><\/p>\n<\/div>\n<p><strong>Frais et charges : Charges d\u00e9ductibles \u2013 Autres<\/strong><br \/>\nCette cat\u00e9gorie est destin\u00e9e aux cas particuliers, aux d\u00e9ductions sp\u00e9cifiques ou aux particularit\u00e9s telles que les Soci\u00e9t\u00e9s Civiles Immobili\u00e8res (SCI). Les montants inclus ici devront ensuite \u00eatre report\u00e9s dans les lignes appropri\u00e9es de la d\u00e9claration fiscale.<\/p>\n<p><strong>Frais et charges : Syndic de copropri\u00e9t\u00e9 \u2013 Provisions pour charges<\/strong><br \/>\nSi vous \u00eates copropri\u00e9taire bailleur, d\u00e9clarez le montant des provisions pour charges de copropri\u00e9t\u00e9 que vous avez vers\u00e9es \u00e0 votre syndic au cours de l\u2019ann\u00e9e. Seules les provisions pour d\u00e9penses sont d\u00e9ductibles.<\/p>\n<p><strong>Frais et charges : Syndic de copropri\u00e9t\u00e9 \u2013 R\u00e9gularisation des provisions pour charges d\u00e9duites au titre de l\u2019ann\u00e9e pr\u00e9c\u00e9dente<\/strong><br \/>\nSi vous \u00eates copropri\u00e9taire bailleur, le calcul de la r\u00e9gularisation des provisions pour charges de copropri\u00e9t\u00e9 se fait comme suit : (\u00ab&nbsp;Syndic de copropri\u00e9t\u00e9 : Provisions pour charges&nbsp;\u00bb vers\u00e9es l\u2019ann\u00e9e pr\u00e9c\u00e9dente) moins (\u00ab&nbsp;Syndic de copropri\u00e9t\u00e9 : Arr\u00eat\u00e9 des comptes : Charges d\u00e9ductibles&nbsp;\u00bb de l\u2019ann\u00e9e pr\u00e9c\u00e9dente).<\/p>\n<div class=\"alert alert-info\">\n<h3 class=\"lead block\">Exemple<\/h3>\n<p>Au titre de l\u2019ann\u00e9e 2017, vous avez vers\u00e9 des provisions pour charges de copropri\u00e9t\u00e9 pour un montant de 1&nbsp;200&nbsp;\u20ac. Vous avez d\u00e9duit cette somme en ligne 229 de votre d\u00e9claration de revenus de l\u2019ann\u00e9e 2017.<\/p>\n<p>En 2019, au titre de vos revenus 2018, vous devez proc\u00e9der \u00e0 la r\u00e9gularisation de ces provisions pour charges de copropri\u00e9t\u00e9.<br \/>\n  Suite \u00e0 l\u2019arr\u00eat\u00e9 des comptes effectu\u00e9 par votre syndic, la ventilation des charges est la suivante :<\/p>\n<p>\u2013 d\u00e9penses d\u00e9ductibles : 800&nbsp;\u20ac<br \/>\n  \u2013 d\u00e9penses non d\u00e9ductibles : 200&nbsp;\u20ac<br \/>\n  \u2013 d\u00e9penses r\u00e9cup\u00e9rables : 180&nbsp;\u20ac<\/p>\n<p>Soit un solde positif de : (1&nbsp;200 \u2013 800 \u2013 200 \u2013 180) = 20&nbsp;\u20ac.<br \/>\n  La somme \u00e0 r\u00e9int\u00e9grer, en ligne 230, est donc \u00e9gale \u00e0 400&nbsp;\u20ac (200 + 180 + 20).<\/p>\n<\/div>\n<div class=\"alert\">\n<h3 class=\"lead block\">Avertissement&nbsp;!<\/h3>\n<p>Les informations et les calculs fournis dans la page Bilan sont donn\u00e9s \u00e0 titre indicatif. Ils sont destin\u00e9s \u00e0 vous aider \u00e0 r\u00e9diger votre d\u00e9claration de revenus fonciers (d\u00e9claration 2044 \u2013 particuliers et d\u00e9claration 2072 \u2013 SCI non soumises \u00e0 l\u2019imp\u00f4t sur les soci\u00e9t\u00e9s) : il est de votre responsabilit\u00e9 d\u2019en v\u00e9rifier l\u2019exactitude et qu\u2019ils correspondent bien \u00e0 votre situation. Faire appel \u00e0 un expert-comptable est fortement recommand\u00e9.<\/p>\n<\/div>\n<p>Pour t\u00e9l\u00e9charger un formulaire, rendez-vous sur le site <a href=\"https:\/\/www.impots.gouv.fr\/\" target=\"_blank\" rel=\"noopener noreferrer\">impots.gouv.fr<\/a>, puis faites une recherche. Par exemple, si vous recherchez le formulaire 2044, vous aurez plusieurs options disponibles : la notice, la saisie en ligne assist\u00e9e, le formulaire \u00e0 remplir et la version non remplissable.<\/p>\n","protected":false},"excerpt":{"rendered":"<p>Dans cette section, Rentila g\u00e9n\u00e8re un bilan financier pour vous aider dans le cadre de votre d\u00e9claration d\u2019imp\u00f4ts (notamment pour les revenus fonciers d\u00e9clar\u00e9s au r\u00e9el). Un tableau r\u00e9capitulatif vous fournit un r\u00e9sum\u00e9 des \u00e9l\u00e9ments suivants : Les revenus imposables per\u00e7us, Les charges d\u00e9ductibles, Le r\u00e9sultat imposable. Ce tableau est con\u00e7u pour vous offrir une<\/p>\n","protected":false},"author":1,"featured_media":0,"comment_status":"closed","ping_status":"closed","sticky":false,"template":"","format":"standard","meta":{"footnotes":""},"categories":[9,18],"tags":[132],"class_list":["post-96","post","type-post","status-publish","format-standard","hentry","category-finances","category-bilan","tag-bilan"],"yoast_head":"<!-- This site is optimized with the Yoast SEO plugin v27.3 - https:\/\/yoast.com\/product\/yoast-seo-wordpress\/ -->\n<title>Bilan financier et aide \u00e0 la d\u00e9claration Centre d&#039;aide et de support - Rentila.com<\/title>\n<meta name=\"robots\" content=\"index, follow, max-snippet:-1, max-image-preview:large, max-video-preview:-1\" \/>\n<link rel=\"canonical\" href=\"https:\/\/www.rentila.com\/support\/archives\/96\" \/>\n<meta property=\"og:locale\" content=\"fr_FR\" \/>\n<meta property=\"og:type\" content=\"article\" \/>\n<meta property=\"og:title\" content=\"Bilan financier et aide \u00e0 la d\u00e9claration Centre d&#039;aide et de support - Rentila.com\" \/>\n<meta property=\"og:description\" content=\"Dans cette section, Rentila g\u00e9n\u00e8re un bilan financier pour vous aider dans le cadre de votre d\u00e9claration d\u2019imp\u00f4ts (notamment pour les revenus fonciers d\u00e9clar\u00e9s au r\u00e9el). Un tableau r\u00e9capitulatif vous fournit un r\u00e9sum\u00e9 des \u00e9l\u00e9ments suivants : Les revenus imposables per\u00e7us, Les charges d\u00e9ductibles, Le r\u00e9sultat imposable. Ce tableau est con\u00e7u pour vous offrir une\" \/>\n<meta property=\"og:url\" content=\"https:\/\/www.rentila.com\/support\/archives\/96\" \/>\n<meta property=\"og:site_name\" content=\"Centre d&#039;aide et de support - Rentila.com\" \/>\n<meta property=\"article:published_time\" content=\"2014-05-08T20:01:42+00:00\" \/>\n<meta property=\"article:modified_time\" content=\"2025-12-13T16:04:51+00:00\" \/>\n<meta name=\"author\" content=\"admin\" \/>\n<meta name=\"twitter:card\" content=\"summary_large_image\" \/>\n<meta name=\"twitter:label1\" content=\"\u00c9crit par\" \/>\n\t<meta name=\"twitter:data1\" content=\"admin\" \/>\n\t<meta name=\"twitter:label2\" content=\"Dur\u00e9e de lecture estim\u00e9e\" \/>\n\t<meta name=\"twitter:data2\" content=\"6 minutes\" \/>\n<script type=\"application\/ld+json\" class=\"yoast-schema-graph\">{\"@context\":\"https:\\\/\\\/schema.org\",\"@graph\":[{\"@type\":\"Article\",\"@id\":\"https:\\\/\\\/www.rentila.com\\\/support\\\/archives\\\/96#article\",\"isPartOf\":{\"@id\":\"https:\\\/\\\/www.rentila.com\\\/support\\\/archives\\\/96\"},\"author\":{\"name\":\"admin\",\"@id\":\"https:\\\/\\\/www.rentila.com\\\/support\\\/#\\\/schema\\\/person\\\/c0094df56ca8dca38f7718edecf9465c\"},\"headline\":\"Bilan financier et aide \u00e0 la d\u00e9claration\",\"datePublished\":\"2014-05-08T20:01:42+00:00\",\"dateModified\":\"2025-12-13T16:04:51+00:00\",\"mainEntityOfPage\":{\"@id\":\"https:\\\/\\\/www.rentila.com\\\/support\\\/archives\\\/96\"},\"wordCount\":1230,\"keywords\":[\"Bilan\"],\"articleSection\":[\"Finances\",\"Bilan\"],\"inLanguage\":\"fr-FR\"},{\"@type\":\"WebPage\",\"@id\":\"https:\\\/\\\/www.rentila.com\\\/support\\\/archives\\\/96\",\"url\":\"https:\\\/\\\/www.rentila.com\\\/support\\\/archives\\\/96\",\"name\":\"Bilan financier et aide \u00e0 la d\u00e9claration Centre d&#039;aide et de support - Rentila.com\",\"isPartOf\":{\"@id\":\"https:\\\/\\\/www.rentila.com\\\/support\\\/#website\"},\"datePublished\":\"2014-05-08T20:01:42+00:00\",\"dateModified\":\"2025-12-13T16:04:51+00:00\",\"author\":{\"@id\":\"https:\\\/\\\/www.rentila.com\\\/support\\\/#\\\/schema\\\/person\\\/c0094df56ca8dca38f7718edecf9465c\"},\"breadcrumb\":{\"@id\":\"https:\\\/\\\/www.rentila.com\\\/support\\\/archives\\\/96#breadcrumb\"},\"inLanguage\":\"fr-FR\",\"potentialAction\":[{\"@type\":\"ReadAction\",\"target\":[\"https:\\\/\\\/www.rentila.com\\\/support\\\/archives\\\/96\"]}]},{\"@type\":\"BreadcrumbList\",\"@id\":\"https:\\\/\\\/www.rentila.com\\\/support\\\/archives\\\/96#breadcrumb\",\"itemListElement\":[{\"@type\":\"ListItem\",\"position\":1,\"name\":\"Accueil\",\"item\":\"https:\\\/\\\/www.rentila.com\\\/support\\\/\"},{\"@type\":\"ListItem\",\"position\":2,\"name\":\"Bilan financier et aide \u00e0 la d\u00e9claration\"}]},{\"@type\":\"WebSite\",\"@id\":\"https:\\\/\\\/www.rentila.com\\\/support\\\/#website\",\"url\":\"https:\\\/\\\/www.rentila.com\\\/support\\\/\",\"name\":\"Centre d&#039;aide et de support - Rentila.com\",\"description\":\"\",\"potentialAction\":[{\"@type\":\"SearchAction\",\"target\":{\"@type\":\"EntryPoint\",\"urlTemplate\":\"https:\\\/\\\/www.rentila.com\\\/support\\\/?s={search_term_string}\"},\"query-input\":{\"@type\":\"PropertyValueSpecification\",\"valueRequired\":true,\"valueName\":\"search_term_string\"}}],\"inLanguage\":\"fr-FR\"},{\"@type\":\"Person\",\"@id\":\"https:\\\/\\\/www.rentila.com\\\/support\\\/#\\\/schema\\\/person\\\/c0094df56ca8dca38f7718edecf9465c\",\"name\":\"admin\",\"image\":{\"@type\":\"ImageObject\",\"inLanguage\":\"fr-FR\",\"@id\":\"https:\\\/\\\/secure.gravatar.com\\\/avatar\\\/20e4a7d3e81bf2b540f56b8c153cb632e62dc95802d33694aa38846415dc20d1?s=96&d=mm&r=g\",\"url\":\"https:\\\/\\\/secure.gravatar.com\\\/avatar\\\/20e4a7d3e81bf2b540f56b8c153cb632e62dc95802d33694aa38846415dc20d1?s=96&d=mm&r=g\",\"contentUrl\":\"https:\\\/\\\/secure.gravatar.com\\\/avatar\\\/20e4a7d3e81bf2b540f56b8c153cb632e62dc95802d33694aa38846415dc20d1?s=96&d=mm&r=g\",\"caption\":\"admin\"},\"url\":\"https:\\\/\\\/www.rentila.com\\\/support\\\/archives\\\/author\\\/admin\"}]}<\/script>\n<!-- \/ Yoast SEO plugin. -->","yoast_head_json":{"title":"Bilan financier et aide \u00e0 la d\u00e9claration Centre d&#039;aide et de support - Rentila.com","robots":{"index":"index","follow":"follow","max-snippet":"max-snippet:-1","max-image-preview":"max-image-preview:large","max-video-preview":"max-video-preview:-1"},"canonical":"https:\/\/www.rentila.com\/support\/archives\/96","og_locale":"fr_FR","og_type":"article","og_title":"Bilan financier et aide \u00e0 la d\u00e9claration Centre d&#039;aide et de support - Rentila.com","og_description":"Dans cette section, Rentila g\u00e9n\u00e8re un bilan financier pour vous aider dans le cadre de votre d\u00e9claration d\u2019imp\u00f4ts (notamment pour les revenus fonciers d\u00e9clar\u00e9s au r\u00e9el). Un tableau r\u00e9capitulatif vous fournit un r\u00e9sum\u00e9 des \u00e9l\u00e9ments suivants : Les revenus imposables per\u00e7us, Les charges d\u00e9ductibles, Le r\u00e9sultat imposable. Ce tableau est con\u00e7u pour vous offrir une","og_url":"https:\/\/www.rentila.com\/support\/archives\/96","og_site_name":"Centre d&#039;aide et de support - Rentila.com","article_published_time":"2014-05-08T20:01:42+00:00","article_modified_time":"2025-12-13T16:04:51+00:00","author":"admin","twitter_card":"summary_large_image","twitter_misc":{"\u00c9crit par":"admin","Dur\u00e9e de lecture estim\u00e9e":"6 minutes"},"schema":{"@context":"https:\/\/schema.org","@graph":[{"@type":"Article","@id":"https:\/\/www.rentila.com\/support\/archives\/96#article","isPartOf":{"@id":"https:\/\/www.rentila.com\/support\/archives\/96"},"author":{"name":"admin","@id":"https:\/\/www.rentila.com\/support\/#\/schema\/person\/c0094df56ca8dca38f7718edecf9465c"},"headline":"Bilan financier et aide \u00e0 la d\u00e9claration","datePublished":"2014-05-08T20:01:42+00:00","dateModified":"2025-12-13T16:04:51+00:00","mainEntityOfPage":{"@id":"https:\/\/www.rentila.com\/support\/archives\/96"},"wordCount":1230,"keywords":["Bilan"],"articleSection":["Finances","Bilan"],"inLanguage":"fr-FR"},{"@type":"WebPage","@id":"https:\/\/www.rentila.com\/support\/archives\/96","url":"https:\/\/www.rentila.com\/support\/archives\/96","name":"Bilan financier et aide \u00e0 la d\u00e9claration Centre d&#039;aide et de support - Rentila.com","isPartOf":{"@id":"https:\/\/www.rentila.com\/support\/#website"},"datePublished":"2014-05-08T20:01:42+00:00","dateModified":"2025-12-13T16:04:51+00:00","author":{"@id":"https:\/\/www.rentila.com\/support\/#\/schema\/person\/c0094df56ca8dca38f7718edecf9465c"},"breadcrumb":{"@id":"https:\/\/www.rentila.com\/support\/archives\/96#breadcrumb"},"inLanguage":"fr-FR","potentialAction":[{"@type":"ReadAction","target":["https:\/\/www.rentila.com\/support\/archives\/96"]}]},{"@type":"BreadcrumbList","@id":"https:\/\/www.rentila.com\/support\/archives\/96#breadcrumb","itemListElement":[{"@type":"ListItem","position":1,"name":"Accueil","item":"https:\/\/www.rentila.com\/support\/"},{"@type":"ListItem","position":2,"name":"Bilan financier et aide \u00e0 la d\u00e9claration"}]},{"@type":"WebSite","@id":"https:\/\/www.rentila.com\/support\/#website","url":"https:\/\/www.rentila.com\/support\/","name":"Centre d&#039;aide et de support - Rentila.com","description":"","potentialAction":[{"@type":"SearchAction","target":{"@type":"EntryPoint","urlTemplate":"https:\/\/www.rentila.com\/support\/?s={search_term_string}"},"query-input":{"@type":"PropertyValueSpecification","valueRequired":true,"valueName":"search_term_string"}}],"inLanguage":"fr-FR"},{"@type":"Person","@id":"https:\/\/www.rentila.com\/support\/#\/schema\/person\/c0094df56ca8dca38f7718edecf9465c","name":"admin","image":{"@type":"ImageObject","inLanguage":"fr-FR","@id":"https:\/\/secure.gravatar.com\/avatar\/20e4a7d3e81bf2b540f56b8c153cb632e62dc95802d33694aa38846415dc20d1?s=96&d=mm&r=g","url":"https:\/\/secure.gravatar.com\/avatar\/20e4a7d3e81bf2b540f56b8c153cb632e62dc95802d33694aa38846415dc20d1?s=96&d=mm&r=g","contentUrl":"https:\/\/secure.gravatar.com\/avatar\/20e4a7d3e81bf2b540f56b8c153cb632e62dc95802d33694aa38846415dc20d1?s=96&d=mm&r=g","caption":"admin"},"url":"https:\/\/www.rentila.com\/support\/archives\/author\/admin"}]}},"_links":{"self":[{"href":"https:\/\/www.rentila.com\/support\/wp-json\/wp\/v2\/posts\/96","targetHints":{"allow":["GET"]}}],"collection":[{"href":"https:\/\/www.rentila.com\/support\/wp-json\/wp\/v2\/posts"}],"about":[{"href":"https:\/\/www.rentila.com\/support\/wp-json\/wp\/v2\/types\/post"}],"author":[{"embeddable":true,"href":"https:\/\/www.rentila.com\/support\/wp-json\/wp\/v2\/users\/1"}],"replies":[{"embeddable":true,"href":"https:\/\/www.rentila.com\/support\/wp-json\/wp\/v2\/comments?post=96"}],"version-history":[{"count":31,"href":"https:\/\/www.rentila.com\/support\/wp-json\/wp\/v2\/posts\/96\/revisions"}],"predecessor-version":[{"id":7385,"href":"https:\/\/www.rentila.com\/support\/wp-json\/wp\/v2\/posts\/96\/revisions\/7385"}],"wp:attachment":[{"href":"https:\/\/www.rentila.com\/support\/wp-json\/wp\/v2\/media?parent=96"}],"wp:term":[{"taxonomy":"category","embeddable":true,"href":"https:\/\/www.rentila.com\/support\/wp-json\/wp\/v2\/categories?post=96"},{"taxonomy":"post_tag","embeddable":true,"href":"https:\/\/www.rentila.com\/support\/wp-json\/wp\/v2\/tags?post=96"}],"curies":[{"name":"wp","href":"https:\/\/api.w.org\/{rel}","templated":true}]}}